{"id":2363,"date":"2024-11-22T10:13:09","date_gmt":"2024-11-22T09:13:09","guid":{"rendered":"https:\/\/www.istitutomariausiliatrice.it\/infanzia\/?p=2363"},"modified":"2025-10-14T15:46:18","modified_gmt":"2025-10-14T13:46:18","slug":"invito-a-scuola","status":"publish","type":"post","link":"https:\/\/istitutomariausiliatrice.it\/infanzia\/2024\/11\/22\/invito-a-scuola\/","title":{"rendered":"INVITO A SCUOLA!"},"content":{"rendered":"\r\n<p>Questo \u00e8 un invito ufficiale per tutte voi famiglie che avete sentito parlare di noi, che navigate sui nostri social tra <a href=\"https:\/\/www.facebook.com\/MauxInfanzia\"><strong>contenuti, post<\/strong><\/a>, <a href=\"https:\/\/www.instagram.com\/maux.infanzia\/?hl=it\"><strong>video e foto<\/strong><\/a> o che passate al mattino nel controviale di corso Regina Margherita 168 e ci vedete in accoglienza sul portone della scuola.<\/p>\r\n\r\n\r\n\r\n<p>E&#8217; un caloroso invito a visitare le nostre aule, il nostro salone gioco-motricit\u00e0\/judo\/feste, la nostra sala nanna, i corridoi coloratissimi&#8230;ormai in preparazione delle feste di dicembre! <a href=\"https:\/\/istitutomariausiliatrice.it\/infanzia\/per-conoscerci\/maestre-ed-educatrici\/\"><strong>Le nostre maestre<\/strong><\/a> in azione educativa e i nostri bambini in <a href=\"https:\/\/drive.google.com\/file\/d\/1cCq-aPClGskL0Mw8C8OxgufKFuQb7rvN\/view\"><strong>azione di crescita<\/strong><\/a> vi aspettano per darvi la possibilit\u00e0 di godere di qualche minuto di serenit\u00e0, di sorrisi e di conoscenza diretta di chi siamo e<a href=\"https:\/\/drive.google.com\/file\/d\/1UmWiF5Hn5vACm65QpMn2lyzeE2F4iCg8\/view?usp=drive_link\"><strong> cosa facciamo<\/strong><\/a>.<\/p>\r\n\r\n\r\n\r\n<p>Se avete voglia di leggere, qui trovate il <a href=\"https:\/\/drive.google.com\/file\/d\/1lwN5FNvvoxluORSSVF6H3rdgQbA5BKM8\/view?usp=drive_link\"><strong>PTOF<\/strong><\/a> con tutte le indicazioni e dettagli della nostra offerta formativa. Dal vivo, per\u00f2, siamo pi\u00f9 belli, pi\u00f9 simpatici, pi\u00f9 tutto!<\/p>\r\n\r\n\r\n\r\n<p>Se avete voglia di chiacchierare, qui trovate l&#8217;indirizzo mail per prenotare un incontro conoscitivo con la Coordinatrice Prof. Laura Perron &#8211; mail <strong><a href=\"mailto:coord.infprim@mauxtorino.com\">coord.infprim@mauxtorino.com<\/a> <\/strong><\/p>\r\n\r\n\r\n\r\n<p>Portate con voi domande, curiosit\u00e0 e voglia di condividere un po&#8217; della vostra storia. Noi vi racconteremo la nostra. Don Bosco, Madre Mazzarello e il <a href=\"https:\/\/drive.google.com\/file\/d\/1OKtsgaPfQoNdVs3dx-6Enn4N0VDb7NIA\/view?usp=sharing\"><strong>sistema preventivo<\/strong><\/a>, le nostre radici attualizzate nell&#8217;operare quotidiano di oggi per il Bene dei bambini: la RAGIONE per crescere umili, ma anche forti e robusti nei pensieri, la RELIGIONE per crescere nell&#8217;incontro con l&#8217;Infinito, che per noi ha nome Ges\u00f9 Cristo, e forma buoni cristiani ed onesti cittadini e l&#8217;AMOREVOLEZZA che contraddistingue ogni nostro gesto educativo e ci fa guardare ogni persona, grande o piccola, come unica, irripetibile e preziosa!<\/p>\r\n\r\n\r\n\r\n<p>Che cosa troverete da noi? Competenza ed esperienza in giusta combo con vivacit\u00e0 creativa, allegria e serenit\u00e0, e rispetto dei tempi di ognuno, attenzione al singolo, alla persona e alla famiglia.<\/p>\r\n\r\n\r\n\r\n<p class=\"has-text-align-center\">Vi aspettiamo e saremo felici se entrerete a far parte della nostra Comunit\u00e0 Educante!<\/p>\r\n\r\n\r\n\r\n\r\n\r\n<p class=\"has-text-align-center\"><strong><a href=\"https:\/\/sites.google.com\/mauxtorino.com\/openday2026-27\/infanzia\">Prenotate l&#8217;open day del 8\/11\/2025 oppure del 17\/01\/2026<\/a> &#8211; non vediamo l&#8217;ora di conoscervi!<\/strong><\/p>\r\n\r\n\r\n\r\n<p>&nbsp;<\/p>\r\n","protected":false},"excerpt":{"rendered":"<p>Questo \u00e8 un invito ufficiale per tutte voi famiglie che avete sentito parlare di noi, che navigate sui nostri social &hellip;<\/p>\n","protected":false},"author":77,"featured_media":2502,"comment_status":"closed","ping_status":"closed","sticky":false,"template":"","format":"standard","meta":{"vkexunit_cta_each_option":"","footnotes":""},"categories":[1],"tags":[17,18,21,23,14,15,20],"class_list":["post-2363","post","type-post","status-publish","format-standard","has-post-thumbnail","hentry","category-senza-categoria","tag-accoglienza","tag-crescita","tag-educazione","tag-famiglia","tag-iscrizioni-25-26","tag-scuola-infanzia-torino","tag-sistema-preventivo"],"_links":{"self":[{"href":"https:\/\/istitutomariausiliatrice.it\/infanzia\/wp-json\/wp\/v2\/posts\/2363","targetHints":{"allow":["GET"]}}],"collection":[{"href":"https:\/\/istitutomariausiliatrice.it\/infanzia\/wp-json\/wp\/v2\/posts"}],"about":[{"href":"https:\/\/istitutomariausiliatrice.it\/infanzia\/wp-json\/wp\/v2\/types\/post"}],"author":[{"embeddable":true,"href":"https:\/\/istitutomariausiliatrice.it\/infanzia\/wp-json\/wp\/v2\/users\/77"}],"replies":[{"embeddable":true,"href":"https:\/\/istitutomariausiliatrice.it\/infanzia\/wp-json\/wp\/v2\/comments?post=2363"}],"version-history":[{"count":8,"href":"https:\/\/istitutomariausiliatrice.it\/infanzia\/wp-json\/wp\/v2\/posts\/2363\/revisions"}],"predecessor-version":[{"id":2515,"href":"https:\/\/istitutomariausiliatrice.it\/infanzia\/wp-json\/wp\/v2\/posts\/2363\/revisions\/2515"}],"wp:featuredmedia":[{"embeddable":true,"href":"https:\/\/istitutomariausiliatrice.it\/infanzia\/wp-json\/wp\/v2\/media\/2502"}],"wp:attachment":[{"href":"https:\/\/istitutomariausiliatrice.it\/infanzia\/wp-json\/wp\/v2\/media?parent=2363"}],"wp:term":[{"taxonomy":"category","embeddable":true,"href":"https:\/\/istitutomariausiliatrice.it\/infanzia\/wp-json\/wp\/v2\/categories?post=2363"},{"taxonomy":"post_tag","embeddable":true,"href":"https:\/\/istitutomariausiliatrice.it\/infanzia\/wp-json\/wp\/v2\/tags?post=2363"}],"curies":[{"name":"wp","href":"https:\/\/api.w.org\/{rel}","templated":true}]}}