{"id":2545,"date":"2026-02-10T11:47:00","date_gmt":"2026-02-10T10:47:00","guid":{"rendered":"https:\/\/istitutomariausiliatrice.it\/infanzia\/?p=2545"},"modified":"2026-02-10T11:47:02","modified_gmt":"2026-02-10T10:47:02","slug":"continuano-le-iscrizioni-2026-2027","status":"publish","type":"post","link":"https:\/\/istitutomariausiliatrice.it\/infanzia\/2026\/02\/10\/continuano-le-iscrizioni-2026-2027\/","title":{"rendered":"Continuano le iscrizioni 2026-2027"},"content":{"rendered":"<div class=\"wp-block-image\">\n<figure class=\"alignright size-large is-resized\"><a href=\"https:\/\/istitutomariausiliatrice.it\/infanzia\/files\/PC1-scaled.jpg\"><img loading=\"lazy\" decoding=\"async\" width=\"625\" height=\"1024\" src=\"https:\/\/istitutomariausiliatrice.it\/infanzia\/files\/PC1-625x1024.jpg\" alt=\"\" class=\"wp-image-2539\" style=\"aspect-ratio:0.6103542234332425;width:131px;height:auto\" srcset=\"https:\/\/istitutomariausiliatrice.it\/infanzia\/files\/PC1-625x1024.jpg 625w, https:\/\/istitutomariausiliatrice.it\/infanzia\/files\/PC1-183x300.jpg 183w, https:\/\/istitutomariausiliatrice.it\/infanzia\/files\/PC1-768x1259.jpg 768w, https:\/\/istitutomariausiliatrice.it\/infanzia\/files\/PC1-937x1536.jpg 937w, https:\/\/istitutomariausiliatrice.it\/infanzia\/files\/PC1-1250x2048.jpg 1250w, https:\/\/istitutomariausiliatrice.it\/infanzia\/files\/PC1-122x200.jpg 122w, https:\/\/istitutomariausiliatrice.it\/infanzia\/files\/PC1-scaled.jpg 1562w\" sizes=\"auto, (max-width: 625px) 100vw, 625px\" \/><\/a><\/figure>\n<\/div>\n\n\n<p>Anche se le iscrizioni in <a href=\"https:\/\/www.comune.torino.it\/servizi\/iscrizione-alle-scuole-dellinfanzia\"><strong>piattaforma TorinoFacile <\/strong><\/a>si chiudono con la fine della settimana, rimane aperta la possibilit\u00e0 di inserirsi presso la nostra scuola anche dopo tale termine. Non sarete inseriti nelle prime graduatorie comunali di marzo-aprile 2026, ma, NON ABBIATE TIMORE DI ESCLUSIONE, perch\u00e9 rientrerete in quelle successive.<\/p>\n\n\n\n<p>Se avete curiosit\u00e0 di sapere <a href=\"https:\/\/istitutomariausiliatrice.it\/infanzia\/\">chi siamo e che cosa facciamo<\/a>, venite a visitare i nostri ambienti o seguiteci su <a href=\"https:\/\/www.facebook.com\/MauxInfanzia\">Facebook<\/a> e <a href=\"https:\/\/www.instagram.com\/maux.infanzia\/?hl=it\">Instagram<\/a>!<\/p>\n\n\n\n<p class=\"has-text-align-center\"><strong>E dal prossimo anno: CODING per fasce di et\u00e0!<\/strong><\/p>\n\n\n\n<p>Se avete piacere di chiacchierare con noi, potete prendere appuntamento scrivendo alla coordinatrice (<a href=\"mailto:coord.infprim@mauxtorino.com\">coord.infprim@mauxtorino.com<\/a>) o alla maestra Antonella (<a href=\"mailto:a.lucarelli@mauxtorino.com\">a.lucarelli@mauxtorino.com<\/a>).<\/p>\n\n\n\n<p>E mentre vi aspettiamo, ci prepariamo per Carnevale&#8230;gi\u00e0, perch\u00e9 gioved\u00ec 12\/2\/2026 sfileremo per il quartiere insieme a genitori, nonni e amici! Se volete incontrarci partiremo da scuola, piazza Maria Ausiliatrice, via Salerno, biblioteca Italo Calvino per rallegrare la mattinata con le nostre voci, tutti in costumi sportivi in occasione delle Olimpiadi Invernali!<\/p>\n\n\n","protected":false},"excerpt":{"rendered":"<p>Anche se le iscrizioni in piattaforma TorinoFacile si chiudono con la fine della settimana, rimane aperta la possibilit\u00e0 di inserirsi &hellip;<\/p>\n","protected":false},"author":77,"featured_media":2546,"comment_status":"closed","ping_status":"closed","sticky":false,"template":"","format":"standard","meta":{"vkexunit_cta_each_option":"","footnotes":""},"categories":[1],"tags":[],"class_list":["post-2545","post","type-post","status-publish","format-standard","has-post-thumbnail","hentry","category-senza-categoria"],"_links":{"self":[{"href":"https:\/\/istitutomariausiliatrice.it\/infanzia\/wp-json\/wp\/v2\/posts\/2545","targetHints":{"allow":["GET"]}}],"collection":[{"href":"https:\/\/istitutomariausiliatrice.it\/infanzia\/wp-json\/wp\/v2\/posts"}],"about":[{"href":"https:\/\/istitutomariausiliatrice.it\/infanzia\/wp-json\/wp\/v2\/types\/post"}],"author":[{"embeddable":true,"href":"https:\/\/istitutomariausiliatrice.it\/infanzia\/wp-json\/wp\/v2\/users\/77"}],"replies":[{"embeddable":true,"href":"https:\/\/istitutomariausiliatrice.it\/infanzia\/wp-json\/wp\/v2\/comments?post=2545"}],"version-history":[{"count":1,"href":"https:\/\/istitutomariausiliatrice.it\/infanzia\/wp-json\/wp\/v2\/posts\/2545\/revisions"}],"predecessor-version":[{"id":2547,"href":"https:\/\/istitutomariausiliatrice.it\/infanzia\/wp-json\/wp\/v2\/posts\/2545\/revisions\/2547"}],"wp:featuredmedia":[{"embeddable":true,"href":"https:\/\/istitutomariausiliatrice.it\/infanzia\/wp-json\/wp\/v2\/media\/2546"}],"wp:attachment":[{"href":"https:\/\/istitutomariausiliatrice.it\/infanzia\/wp-json\/wp\/v2\/media?parent=2545"}],"wp:term":[{"taxonomy":"category","embeddable":true,"href":"https:\/\/istitutomariausiliatrice.it\/infanzia\/wp-json\/wp\/v2\/categories?post=2545"},{"taxonomy":"post_tag","embeddable":true,"href":"https:\/\/istitutomariausiliatrice.it\/infanzia\/wp-json\/wp\/v2\/tags?post=2545"}],"curies":[{"name":"wp","href":"https:\/\/api.w.org\/{rel}","templated":true}]}}