{"id":2598,"date":"2026-04-10T17:39:51","date_gmt":"2026-04-10T15:39:51","guid":{"rendered":"https:\/\/istitutomariausiliatrice.it\/infanzia\/?p=2598"},"modified":"2026-04-10T17:46:34","modified_gmt":"2026-04-10T15:46:34","slug":"buono-vesta-2026","status":"publish","type":"post","link":"https:\/\/istitutomariausiliatrice.it\/infanzia\/2026\/04\/10\/buono-vesta-2026\/","title":{"rendered":"BUONO VESTA 2026"},"content":{"rendered":"\n<p>Per il 2026 la Regione Piemonte ha stanziato 20 milioni di euro, una cifra raddoppiata rispetto alla precedente edizione. L&#8217;obiettivo \u00e8 raggiungere circa 30mila nuclei familiari con Isee fino a 40mila euro.<\/p>\n\n\n\n<p><strong><a href=\"https:\/\/vestapiemonte.it\/\" data-type=\"link\" data-id=\"https:\/\/vestapiemonte.it\/\">La Regione Piemonte ha ufficializzato la data del &#8220;click day&#8221;<\/a>: la piattaforma aprir\u00e0 il 21 aprile alle ore 12.00 e rester\u00e0 attiva per 12 ore.<\/strong><\/p>\n\n\n\n<p>Il sistema di assegnazione, spiegano dalla Regione, sar\u00e0 articolato per fasce di reddito per garantire equit\u00e0.<\/p>\n\n\n\n<p>Gli importi, riferiti a ogni singolo figlio per cui si presenta domanda, variano in base all&#8217;Isee:<\/p>\n\n\n\n<ul class=\"wp-block-list\">\n<li>1.200 euro per le famiglie con Isee inferiore a 10mila euro;<\/li>\n\n\n\n<li>euro per la fascia tra 10mila e 30mila euro;<\/li>\n\n\n\n<li>800 euro per le famiglie con Isee tra 30mila e 40mila euro;<\/li>\n\n\n\n<li>1.200 euro fissi in caso di minore con disabilit\u00e0, a prescindere dal reddito.<\/li>\n<\/ul>\n\n\n\n<p>Il <a href=\"https:\/\/vestapiemonte.it\/\" data-type=\"link\" data-id=\"https:\/\/vestapiemonte.it\/\">Bonus Vesta<\/a> \u00e8 un contributo utilizzabile come rimborso per spese educative e di cura. Comprende asili nido, scuole dell&#8217;infanzia, baby-sitting, centri estivi\/invernali, mense, pre\/post scuola, attivit\u00e0 sportive e artistiche.<\/p>\n\n\n\n<p>I genitori dovranno tenere copia delle fatture di spesa e caricarle in piattaforma per ottenere sul conto corrente il rimborso corrispondente al proprio voucher.<\/p>\n\n\n\n<p>Le spese rendicontabili devono essere sostenute (pagate) durante il periodo di validit\u00e0 del buono, che dura 12 mesi a partire dal 1\u00b0 giorno del mese successivo all&#8217;assegnazione.<\/p>\n\n\n\n<p>Per ottenere il voucher Vesta 2026 presentare domanda online su https:\/\/vestapiemonte.it\/ il 21 aprile p.v. dalle ore 12.00, il portale rester\u00e0 aperto per le successive 12 ore.<\/p>\n\n\n\n<p>Si suggerisce di effettuare la domanda SUBITO alle ore 12,00 in quanto la graduatoria verr\u00e0 stilata con la priorit\u00e0 temporale (chi prima arriva avr\u00e0 pi\u00f9 possibilit\u00e0 di ottenere il bonus),<\/p>\n\n\n\n<p>Si raccomanda di utilizzare una connessione performante e stabile onde evitare problemi riscontrati lo scorso anno.<\/p>\n\n\n\n<p><strong>Per ricevere informazioni su Vesta \u00e8 anche possibile telefonare al numero verde della Regione Piemonte (800333444 da telefono fisso e 011.0824222 da cellulare e dall&#8217;estero) dal luned\u00ec al venerd\u00ec dalle ore 8.00 alle ore 18.00, oppure scrivere email all\u2019account <a href=\"mailto:vesta@regione.piemonte.it\">vesta@regione.piemonte.it<\/a><\/strong><\/p>\n\n\n\n<p><\/p>\n","protected":false},"excerpt":{"rendered":"<p>Per il 2026 la Regione Piemonte ha stanziato 20 milioni di euro, una cifra raddoppiata rispetto alla precedente edizione. L&#8217;obiettivo &hellip;<\/p>\n","protected":false},"author":77,"featured_media":2600,"comment_status":"open","ping_status":"open","sticky":false,"template":"","format":"standard","meta":{"vkexunit_cta_each_option":"","footnotes":""},"categories":[1],"tags":[],"class_list":["post-2598","post","type-post","status-publish","format-standard","has-post-thumbnail","hentry","category-senza-categoria"],"_links":{"self":[{"href":"https:\/\/istitutomariausiliatrice.it\/infanzia\/wp-json\/wp\/v2\/posts\/2598","targetHints":{"allow":["GET"]}}],"collection":[{"href":"https:\/\/istitutomariausiliatrice.it\/infanzia\/wp-json\/wp\/v2\/posts"}],"about":[{"href":"https:\/\/istitutomariausiliatrice.it\/infanzia\/wp-json\/wp\/v2\/types\/post"}],"author":[{"embeddable":true,"href":"https:\/\/istitutomariausiliatrice.it\/infanzia\/wp-json\/wp\/v2\/users\/77"}],"replies":[{"embeddable":true,"href":"https:\/\/istitutomariausiliatrice.it\/infanzia\/wp-json\/wp\/v2\/comments?post=2598"}],"version-history":[{"count":2,"href":"https:\/\/istitutomariausiliatrice.it\/infanzia\/wp-json\/wp\/v2\/posts\/2598\/revisions"}],"predecessor-version":[{"id":2601,"href":"https:\/\/istitutomariausiliatrice.it\/infanzia\/wp-json\/wp\/v2\/posts\/2598\/revisions\/2601"}],"wp:featuredmedia":[{"embeddable":true,"href":"https:\/\/istitutomariausiliatrice.it\/infanzia\/wp-json\/wp\/v2\/media\/2600"}],"wp:attachment":[{"href":"https:\/\/istitutomariausiliatrice.it\/infanzia\/wp-json\/wp\/v2\/media?parent=2598"}],"wp:term":[{"taxonomy":"category","embeddable":true,"href":"https:\/\/istitutomariausiliatrice.it\/infanzia\/wp-json\/wp\/v2\/categories?post=2598"},{"taxonomy":"post_tag","embeddable":true,"href":"https:\/\/istitutomariausiliatrice.it\/infanzia\/wp-json\/wp\/v2\/tags?post=2598"}],"curies":[{"name":"wp","href":"https:\/\/api.w.org\/{rel}","templated":true}]}}