{"id":4639,"date":"2026-03-31T11:42:20","date_gmt":"2026-03-31T09:42:20","guid":{"rendered":"https:\/\/istitutomariausiliatrice.it\/liceo\/?p=4639"},"modified":"2026-03-31T11:42:21","modified_gmt":"2026-03-31T09:42:21","slug":"articolo-scambio-olanda-welcome-to-turin","status":"publish","type":"post","link":"https:\/\/istitutomariausiliatrice.it\/liceo\/2026\/03\/31\/articolo-scambio-olanda-welcome-to-turin\/","title":{"rendered":"Articolo scambio Olanda &#8211; Welcome to Turin!"},"content":{"rendered":"\n<p>Durante la settimana dal 9 al 12 marzo, ho avuto la possibilit\u00e0 di ospitare a casa mia uno dei ragazzi olandesi che ha partecipato allo scambio. Io e questo ragazzo, Joe, abbiamo avuto la possibilit\u00e0 di conoscerci gi\u00e0 in Olanda, dato che io sono stata sua ospite l\u00ec, e abbiamo condiviso fin da subito momenti semplici ma significativi: la classica colazione italiana, uscire tutti insieme, olandesi e italiani, e visitare Torino, sono ricordi che rimarranno sicuramente sia a me che a lui. Durante la giornata andavamo a scuola insieme e svolgevamo le attivit\u00e0 con tutti i miei e i suoi compagni e nel tempo libero li portavamo a visitare i posti che frequentiamo sempre a Torino e che fanno parte della nostra normalit\u00e0.\u00a0<\/p>\n\n\n\n<p>Questa esperienza mi ha resa molto pi\u00f9 aperta e consapevole, mi ha aiutata a sfruttare l\u2019inglese e mi ha fatto capire una cosa : ospitare non significa solo offrire un posto dove dormire, ma anche mettersi alla prova e vivere un\u2019avventura tutta nuova.&nbsp;<\/p>\n\n\n\n<p>&#8211; Articolo di Camilla Zava<\/p>\n\n\n\n<figure class=\"wp-block-gallery has-nested-images columns-default is-cropped wp-block-gallery-1 is-layout-flex wp-block-gallery-is-layout-flex\">\n<figure class=\"wp-block-image size-large\"><a href=\"https:\/\/istitutomariausiliatrice.it\/liceo\/files\/IMG_2331-scaled.jpg\"><img loading=\"lazy\" decoding=\"async\" width=\"825\" height=\"1024\" data-id=\"4640\" src=\"https:\/\/istitutomariausiliatrice.it\/liceo\/files\/IMG_2331-825x1024.jpg\" alt=\"\" class=\"wp-image-4640\" srcset=\"https:\/\/istitutomariausiliatrice.it\/liceo\/files\/IMG_2331-825x1024.jpg 825w, https:\/\/istitutomariausiliatrice.it\/liceo\/files\/IMG_2331-242x300.jpg 242w, https:\/\/istitutomariausiliatrice.it\/liceo\/files\/IMG_2331-768x953.jpg 768w, https:\/\/istitutomariausiliatrice.it\/liceo\/files\/IMG_2331-1238x1536.jpg 1238w, https:\/\/istitutomariausiliatrice.it\/liceo\/files\/IMG_2331-1651x2048.jpg 1651w\" sizes=\"auto, (max-width: 825px) 100vw, 825px\" \/><\/a><\/figure>\n\n\n\n<figure class=\"wp-block-image size-large\"><a href=\"https:\/\/istitutomariausiliatrice.it\/liceo\/files\/IMG_2377-scaled.jpg\"><img loading=\"lazy\" decoding=\"async\" width=\"768\" height=\"1024\" data-id=\"4641\" src=\"https:\/\/istitutomariausiliatrice.it\/liceo\/files\/IMG_2377-768x1024.jpg\" alt=\"\" class=\"wp-image-4641\" srcset=\"https:\/\/istitutomariausiliatrice.it\/liceo\/files\/IMG_2377-768x1024.jpg 768w, https:\/\/istitutomariausiliatrice.it\/liceo\/files\/IMG_2377-225x300.jpg 225w, https:\/\/istitutomariausiliatrice.it\/liceo\/files\/IMG_2377-1152x1536.jpg 1152w, https:\/\/istitutomariausiliatrice.it\/liceo\/files\/IMG_2377-1536x2048.jpg 1536w, https:\/\/istitutomariausiliatrice.it\/liceo\/files\/IMG_2377-scaled.jpg 1920w\" sizes=\"auto, (max-width: 768px) 100vw, 768px\" \/><\/a><\/figure>\n<\/figure>\n","protected":false},"excerpt":{"rendered":"<p>Durante la settimana dal 9 al 12 marzo, ho avuto la possibilit\u00e0 di ospitare a casa mia uno dei ragazzi olandesi che ha partecipato allo scambio. Io e questo ragazzo, Joe, abbiamo avuto la possibilit\u00e0 di conoscerci gi\u00e0 in Olanda, dato che io sono stata sua ospite l\u00ec, e abbiamo condiviso fin da subito momenti [&hellip;]<\/p>\n","protected":false},"author":4,"featured_media":4642,"comment_status":"closed","ping_status":"closed","sticky":false,"template":"","format":"standard","meta":{"vkexunit_cta_each_option":"","footnotes":""},"categories":[105,25,11,12,78],"tags":[],"class_list":["post-4639","post","type-post","status-publish","format-standard","has-post-thumbnail","hentry","category-a-s-2025-26","category-les-liceo-economico-sociale","category-liceo-delle-scienze-umane","category-liceo-linguistico","category-we-are-maux"],"_links":{"self":[{"href":"https:\/\/istitutomariausiliatrice.it\/liceo\/wp-json\/wp\/v2\/posts\/4639","targetHints":{"allow":["GET"]}}],"collection":[{"href":"https:\/\/istitutomariausiliatrice.it\/liceo\/wp-json\/wp\/v2\/posts"}],"about":[{"href":"https:\/\/istitutomariausiliatrice.it\/liceo\/wp-json\/wp\/v2\/types\/post"}],"author":[{"embeddable":true,"href":"https:\/\/istitutomariausiliatrice.it\/liceo\/wp-json\/wp\/v2\/users\/4"}],"replies":[{"embeddable":true,"href":"https:\/\/istitutomariausiliatrice.it\/liceo\/wp-json\/wp\/v2\/comments?post=4639"}],"version-history":[{"count":1,"href":"https:\/\/istitutomariausiliatrice.it\/liceo\/wp-json\/wp\/v2\/posts\/4639\/revisions"}],"predecessor-version":[{"id":4643,"href":"https:\/\/istitutomariausiliatrice.it\/liceo\/wp-json\/wp\/v2\/posts\/4639\/revisions\/4643"}],"wp:featuredmedia":[{"embeddable":true,"href":"https:\/\/istitutomariausiliatrice.it\/liceo\/wp-json\/wp\/v2\/media\/4642"}],"wp:attachment":[{"href":"https:\/\/istitutomariausiliatrice.it\/liceo\/wp-json\/wp\/v2\/media?parent=4639"}],"wp:term":[{"taxonomy":"category","embeddable":true,"href":"https:\/\/istitutomariausiliatrice.it\/liceo\/wp-json\/wp\/v2\/categories?post=4639"},{"taxonomy":"post_tag","embeddable":true,"href":"https:\/\/istitutomariausiliatrice.it\/liceo\/wp-json\/wp\/v2\/tags?post=4639"}],"curies":[{"name":"wp","href":"https:\/\/api.w.org\/{rel}","templated":true}]}}