{"id":1137,"date":"2011-10-09T20:52:06","date_gmt":"2011-10-09T19:52:06","guid":{"rendered":"http:\/\/liceoausiliatrice.it\/secondaria1grado\/?p=1137"},"modified":"2011-10-09T20:52:06","modified_gmt":"2011-10-09T19:52:06","slug":"festa-dellaccoglienza","status":"publish","type":"post","link":"https:\/\/istitutomariausiliatrice.it\/secondaria1grado\/2011\/10\/09\/festa-dellaccoglienza\/","title":{"rendered":"FESTA DELL&#8217;ACCOGLIENZA"},"content":{"rendered":"<p>\u00a0<a href=\"http:\/\/liceoausiliatrice.it\/secondaria1grado\/files\/08101.jpg\"><img loading=\"lazy\" decoding=\"async\" class=\"alignnone size-medium wp-image-1140\" src=\"http:\/\/liceoausiliatrice.it\/secondaria1grado\/files\/08101-300x225.jpg\" alt=\"\" width=\"300\" height=\"225\" \/><\/a><\/p>\n<p>&nbsp;<\/p>\n<p>Adesso la scuola \u00e8 proprio iniziata! Questo \u00e8 il primo pensiero che ho avuto ieri pomeriggio, mentre i cortili e i saloni a pian terreno erano stati tutti attrezzati, ornati a festa, pieni di musiche, colori, oggetti.La Scuolasi \u00e8 trasformata: come la zucca di Cenerentola per una sera \u00e8 stata una carrozza principesca, cos\u00ec i luoghi, di solito austeri, sono diventati per quattro ore un\u2019immensa piazza dove pranzare, giocare, ballare, chiacchierare. Sembrava un giardino di amici, insomma, di persone che condividono un cammino spesso parallelo, ma che ieri hanno avuto modo di vedersi e conoscersi, o meglio ri-conoscersi come appartenenti ad un unico grande albero che accoglie sotto i suoi rami frondosi coloro che passano. Il richiamo alle \u201cradici\u201dpiantate da Don Bosco e da Madre Mazzarello era esplicito e ha trovato nella celebrazione liturgica in Basilica il suo alveo naturale. Ma anche la festa ha le stesse radici: nel coinvolgersi nei giochi a stand, nell\u2019assaggiare i dolci, nel torneo di pallavolo dedicato alla\u00a0 memoria di Daniele Vercelli, ex allievo del Liceo, morto tragicamente a luglio, si respirava una spontaneit\u00e0 che non nasceva dalla organizzazione, seppur magistrale, dei vari momenti.<\/p>\n<p>\u00a0La partecipazione \u00e8 stata buona, forse non numericamente parlando, ma nella qualit\u00e0 e nel \u201ccuore\u201d. Gli stand pi\u00f9 affollati erano naturalmente quelli in cui si ballava o si cantava sulle note di un Karaoke, ma i giochi erano tutti divertenti e giustamente impegnativi. La \u201cfontana di Don Bosco\u201d offriva doni a sorpresa, a fronte di un biglietto sorteggiato del valore di 1 euro.\u00a0 Molti docenti hanno partecipato con i propri figli, accentuando cos\u00ec con semplicit\u00e0 il senso della festa.<\/p>\n<p>\u00a0Il sole e il cielo azzurro hanno accompagnato questo pomeriggio di condivisione, di fraternit\u00e0, di accoglienza ( accoglienza,ma di chi? Non c\u2019erano alunni nuovi, tutti sono qui almeno da un mese! quindi anche il nome diventa una provocazione a \u201clasciarci accogliere\u201d per non vivere nella scontatezza e nella routine). \u00a0Certo, la fatica dello studio, l\u2019irritazione forse verso gli altri, le difficolt\u00e0 del quotidiano rapporto con la realt\u00e0 non sono cancellate, ma la giornata di ieri testimonia\u00a0 &#8211; come dice Borges &#8211;<\/p>\n<p>\u00a0\u201cNon c\u2019\u00e8 un giorno, \/ neppure di carcere o d\u2019ospedale, \/ che non porti una sorpresa, \/ che non sia, controluce, \/ una rete di minime sorprese\u201d (Jorge Luis Borges, \u201cL\u2019attesa\u201d)<\/p>\n<p>\u00a0Questo sia l\u2019augurio per tutti coloro chela Scuolafa incontrare, per i ragazzi, i docenti, i genitori, le suore, le segretarie: per tutti noi lo stupore e l\u2019impegno a riconoscere \u201cuna minima sorpresa\u201d ogni giorno, per tutto il tempo che ci \u00e8 dato da condividere.<\/p>\n<p>\u00a0Buon Anno!<\/p>\n<p>Tutte le foto nella sezione Photogallery<\/p>\n<p>Se avete altre foto della giornata\u00a0potete farle avere alla Prof. Ridolfi, che le pubblicher\u00e0 sul sito. Grazie!<\/p>\n<p>&nbsp;<\/p>\n","protected":false},"excerpt":{"rendered":"<p>\u00a0 &nbsp; Adesso la scuola \u00e8 proprio iniziata! Questo \u00e8 il primo pensiero che ho avuto ieri pomeriggio, mentre i cortili e i saloni a pian terreno erano stati tutti attrezzati, ornati a festa, pieni di musiche, colori, oggetti.La Scuolasi \u00e8 trasformata: come la zucca di Cenerentola per una sera \u00e8 stata una carrozza principesca, [&hellip;]<\/p>\n","protected":false},"author":1,"featured_media":0,"comment_status":"closed","ping_status":"closed","sticky":false,"template":"","format":"standard","meta":{"vkexunit_cta_each_option":"","footnotes":""},"categories":[5,6,7],"tags":[],"class_list":["post-1137","post","type-post","status-publish","format-standard","hentry","category-featured","category-feste","category-headline"],"_links":{"self":[{"href":"https:\/\/istitutomariausiliatrice.it\/secondaria1grado\/wp-json\/wp\/v2\/posts\/1137","targetHints":{"allow":["GET"]}}],"collection":[{"href":"https:\/\/istitutomariausiliatrice.it\/secondaria1grado\/wp-json\/wp\/v2\/posts"}],"about":[{"href":"https:\/\/istitutomariausiliatrice.it\/secondaria1grado\/wp-json\/wp\/v2\/types\/post"}],"author":[{"embeddable":true,"href":"https:\/\/istitutomariausiliatrice.it\/secondaria1grado\/wp-json\/wp\/v2\/users\/1"}],"replies":[{"embeddable":true,"href":"https:\/\/istitutomariausiliatrice.it\/secondaria1grado\/wp-json\/wp\/v2\/comments?post=1137"}],"version-history":[{"count":0,"href":"https:\/\/istitutomariausiliatrice.it\/secondaria1grado\/wp-json\/wp\/v2\/posts\/1137\/revisions"}],"wp:attachment":[{"href":"https:\/\/istitutomariausiliatrice.it\/secondaria1grado\/wp-json\/wp\/v2\/media?parent=1137"}],"wp:term":[{"taxonomy":"category","embeddable":true,"href":"https:\/\/istitutomariausiliatrice.it\/secondaria1grado\/wp-json\/wp\/v2\/categories?post=1137"},{"taxonomy":"post_tag","embeddable":true,"href":"https:\/\/istitutomariausiliatrice.it\/secondaria1grado\/wp-json\/wp\/v2\/tags?post=1137"}],"curies":[{"name":"wp","href":"https:\/\/api.w.org\/{rel}","templated":true}]}}