{"id":1168,"date":"2011-10-26T10:07:20","date_gmt":"2011-10-26T09:07:20","guid":{"rendered":"http:\/\/liceoausiliatrice.it\/secondaria1grado\/?p=1168"},"modified":"2011-10-26T10:07:20","modified_gmt":"2011-10-26T09:07:20","slug":"la-2-a-pra-catinat","status":"publish","type":"post","link":"https:\/\/istitutomariausiliatrice.it\/secondaria1grado\/2011\/10\/26\/la-2-a-pra-catinat\/","title":{"rendered":"La 2\u00b0 a Pra Catinat"},"content":{"rendered":"<p>Dal 19 al 21 ottobre la classe seconda, nata dalla fusione di due prime, ha trascorso tre giorni a Pracatinat, nell\u2019alta Val Chisone.; l\u2019obiettivo principale dell\u2019uscita didattica \u00e8 stato quello di consolidare l\u2019unione del nuovo gruppo affinch\u00e9 risultasse pi\u00f9 collaborativo e affiatato.<\/p>\n<p><a href=\"http:\/\/liceoausiliatrice.it\/secondaria1grado\/files\/2-pracatinat.jpg\"><img loading=\"lazy\" decoding=\"async\" class=\"alignnone size-medium wp-image-1177\" src=\"http:\/\/liceoausiliatrice.it\/secondaria1grado\/files\/2-pracatinat-300x225.jpg\" alt=\"\" width=\"300\" height=\"225\" \/><\/a><\/p>\n<p>Nei giorni trascorsi in montagna i ragazzi hanno potuto sperimentare una realt\u00e0 lontana da quella che vivono quotidianamente: la lunga passeggiata al rifugio Selleries (2030 m) ha permesso loro di addentrarsi tra i boschi del Parco Naturale Orsiera-Rocciavr\u00e9, di ammirare i colori autunnali della natura e di ascoltare il silenzio tra i larici e le cime appena innevate. Alcuni ragazzi hanno voluto prolungare la camminata oltre il rifugio, raggiungendo il lago Laus: qui hanno avuto la fortuna di fotografare un gruppo di camosci che si erano avvicinati all\u2019acqua in cerca di erba ancora fresca.<\/p>\n<p>Nonostante alcune lamentele per la fatica, tutta la classe \u00e8 rientrata a Pracatinat soddisfatta, chi per aver superato alcuni suoi limiti, chi per aver scoperto la bellezza di raggiungere una meta insieme. Durante il soggiorno gli alunni hanno lavorato sull\u2019importanza del rispetto dell\u2019ambiente, dei compagni, della diversit\u00e0 e delle regole di convivenza civile approfondendo la conoscenza reciproca.<\/p>\n<p>A momenti di lavoro si sono alternati momenti ludici e di tempo libero che hanno contribuito a creare un clima sereno e spensierato.<\/p>\n<p>KPICASA_GALLERY(username:primogrado.maux,2APraCatinat)<\/p>\n<p>&nbsp;<\/p>\n<p>&nbsp;<\/p>\n<p>&nbsp;<\/p>\n","protected":false},"excerpt":{"rendered":"<p>Dal 19 al 21 ottobre la classe seconda, nata dalla fusione di due prime, ha trascorso tre giorni a Pracatinat, nell\u2019alta Val Chisone.; l\u2019obiettivo principale dell\u2019uscita didattica \u00e8 stato quello di consolidare l\u2019unione del nuovo gruppo affinch\u00e9 risultasse pi\u00f9 collaborativo e affiatato. Nei giorni trascorsi in montagna i ragazzi hanno potuto sperimentare una realt\u00e0 lontana [&hellip;]<\/p>\n","protected":false},"author":1,"featured_media":0,"comment_status":"closed","ping_status":"closed","sticky":false,"template":"","format":"standard","meta":{"vkexunit_cta_each_option":"","footnotes":""},"categories":[3,5,7],"tags":[],"class_list":["post-1168","post","type-post","status-publish","format-standard","hentry","category-uscite-culturali","category-featured","category-headline"],"_links":{"self":[{"href":"https:\/\/istitutomariausiliatrice.it\/secondaria1grado\/wp-json\/wp\/v2\/posts\/1168","targetHints":{"allow":["GET"]}}],"collection":[{"href":"https:\/\/istitutomariausiliatrice.it\/secondaria1grado\/wp-json\/wp\/v2\/posts"}],"about":[{"href":"https:\/\/istitutomariausiliatrice.it\/secondaria1grado\/wp-json\/wp\/v2\/types\/post"}],"author":[{"embeddable":true,"href":"https:\/\/istitutomariausiliatrice.it\/secondaria1grado\/wp-json\/wp\/v2\/users\/1"}],"replies":[{"embeddable":true,"href":"https:\/\/istitutomariausiliatrice.it\/secondaria1grado\/wp-json\/wp\/v2\/comments?post=1168"}],"version-history":[{"count":0,"href":"https:\/\/istitutomariausiliatrice.it\/secondaria1grado\/wp-json\/wp\/v2\/posts\/1168\/revisions"}],"wp:attachment":[{"href":"https:\/\/istitutomariausiliatrice.it\/secondaria1grado\/wp-json\/wp\/v2\/media?parent=1168"}],"wp:term":[{"taxonomy":"category","embeddable":true,"href":"https:\/\/istitutomariausiliatrice.it\/secondaria1grado\/wp-json\/wp\/v2\/categories?post=1168"},{"taxonomy":"post_tag","embeddable":true,"href":"https:\/\/istitutomariausiliatrice.it\/secondaria1grado\/wp-json\/wp\/v2\/tags?post=1168"}],"curies":[{"name":"wp","href":"https:\/\/api.w.org\/{rel}","templated":true}]}}