{"id":1191,"date":"2011-11-10T13:14:56","date_gmt":"2011-11-10T12:14:56","guid":{"rendered":"http:\/\/liceoausiliatrice.it\/secondaria1grado\/?p=1191"},"modified":"2011-11-10T13:14:56","modified_gmt":"2011-11-10T12:14:56","slug":"le-3-a-pracatinat","status":"publish","type":"post","link":"https:\/\/istitutomariausiliatrice.it\/secondaria1grado\/2011\/11\/10\/le-3-a-pracatinat\/","title":{"rendered":"Le 3\u00b0 a Pracatinat"},"content":{"rendered":"<p>Dal 17 al 21 ottobre 2011 i ragazzi delle due sezioni di terza con tre insegnanti hanno trascorso una settimana a Pracatinat in Val Chisone. Erano alla loro seconda esperienza, dopo quella dello scorso anno che aveva lasciato in tutti loro una nostalgia, un forte desiderio di riviverla considerando questa la \u201cvera\u201d gita scolastica dell\u2019ultimo anno.<\/p>\n<p>Il tempo splendido e il sole caldo dei primi giorni, l\u2019 accoglienza della struttura dotata di ogni comfort hanno fatto da cornice per questa nuova avventura che, nonostante qualche fatica, ha certamente avuto dei momenti positivi e indimenticabili.<\/p>\n<p>Guidati dagli educatori del progetto, i ragazzi\u00a0 hanno incontrato la natura, bellissima nella sua veste autunnale, e hanno cercato di soffermarsi per coglierne rumori e silenzi, anche se era cos\u00ec nuovo rispetto alle proprie abitudini\u2026La gita al Rifugio Selleries (m. 2030 s.l.m.) \u00e8 stata un\u2019occasione particolare per\u00a0 camminare sui sentieri, vedere i caprioli, sentire sul viso il calore del sole, l\u2019aria frizzante \u00a0e il fresco del bosco: anche ai pi\u00f9 distratti, un barlume di questa bellezza ha toccato il cuore e ha portato stupore e meraviglia. L\u2019altra gita importante li ha portati al Masso Altare, una pietra che reca incisioni preistoriche forse legate al corso del sole.<\/p>\n<p>Molto interessante \u00e8 stata poi la visita al Forte di Fenestrelle, immensa e indescrivibile costruzione\u00a0 \u00a0difensiva ai bordi della valle. La visita \u00e8 stata cos\u00ec piacevole e cos\u00ec affascinante che davvero a tutti rincresceva tornare in albergo, e s\u00ec che dentro il Forte c\u2019era un freddo polare\u2026ed era buio.<\/p>\n<p>Alla sera, dopo cena, intrattenimenti vari, film, contemplazione delle stelle, giochi, ma soprattutto musica e balli di gruppo avevano il potere di sciogliere la stanchezza e di scatenare la\u00a0 creativit\u00e0 e la fantasia giocosa di tutti. Ovviamente in queste serate sono stati coinvolti anche i ragazzi di seconda, nei due giorni trascorsi insieme. \u00a0\u00a0<\/p>\n<p>Tra le due classi si \u00e8 cementata l\u2019armonia e se ne sono visti i segni nella nascita di nuove amicizie, qualche \u201ccotta\u201d (!), maggior spontaneit\u00e0 nei rapporti.<\/p>\n<p>\u00a0S\u00ec, dopo Pracatinat, la scuola \u00e8 davvero iniziata!<\/p>\n<p><a href=\"http:\/\/liceoausiliatrice.it\/secondaria1grado\/files\/18102011332.jpg\"><img loading=\"lazy\" decoding=\"async\" class=\"alignnone size-medium wp-image-1192\" src=\"http:\/\/liceoausiliatrice.it\/secondaria1grado\/files\/18102011332-300x225.jpg\" alt=\"\" width=\"300\" height=\"225\" \/><\/a><\/p>\n<p>Tutte le foto nella sezione PHOTOGALLERY.<\/p>\n","protected":false},"excerpt":{"rendered":"<p>Dal 17 al 21 ottobre 2011 i ragazzi delle due sezioni di terza con tre insegnanti hanno trascorso una settimana a Pracatinat in Val Chisone. Erano alla loro seconda esperienza, dopo quella dello scorso anno che aveva lasciato in tutti loro una nostalgia, un forte desiderio di riviverla considerando questa la \u201cvera\u201d gita scolastica dell\u2019ultimo [&hellip;]<\/p>\n","protected":false},"author":1,"featured_media":0,"comment_status":"closed","ping_status":"closed","sticky":false,"template":"","format":"standard","meta":{"vkexunit_cta_each_option":"","footnotes":""},"categories":[3,5,7],"tags":[],"class_list":["post-1191","post","type-post","status-publish","format-standard","hentry","category-uscite-culturali","category-featured","category-headline"],"_links":{"self":[{"href":"https:\/\/istitutomariausiliatrice.it\/secondaria1grado\/wp-json\/wp\/v2\/posts\/1191","targetHints":{"allow":["GET"]}}],"collection":[{"href":"https:\/\/istitutomariausiliatrice.it\/secondaria1grado\/wp-json\/wp\/v2\/posts"}],"about":[{"href":"https:\/\/istitutomariausiliatrice.it\/secondaria1grado\/wp-json\/wp\/v2\/types\/post"}],"author":[{"embeddable":true,"href":"https:\/\/istitutomariausiliatrice.it\/secondaria1grado\/wp-json\/wp\/v2\/users\/1"}],"replies":[{"embeddable":true,"href":"https:\/\/istitutomariausiliatrice.it\/secondaria1grado\/wp-json\/wp\/v2\/comments?post=1191"}],"version-history":[{"count":0,"href":"https:\/\/istitutomariausiliatrice.it\/secondaria1grado\/wp-json\/wp\/v2\/posts\/1191\/revisions"}],"wp:attachment":[{"href":"https:\/\/istitutomariausiliatrice.it\/secondaria1grado\/wp-json\/wp\/v2\/media?parent=1191"}],"wp:term":[{"taxonomy":"category","embeddable":true,"href":"https:\/\/istitutomariausiliatrice.it\/secondaria1grado\/wp-json\/wp\/v2\/categories?post=1191"},{"taxonomy":"post_tag","embeddable":true,"href":"https:\/\/istitutomariausiliatrice.it\/secondaria1grado\/wp-json\/wp\/v2\/tags?post=1191"}],"curies":[{"name":"wp","href":"https:\/\/api.w.org\/{rel}","templated":true}]}}