{"id":1205,"date":"2011-12-06T18:57:46","date_gmt":"2011-12-06T17:57:46","guid":{"rendered":"http:\/\/liceoausiliatrice.it\/secondaria1grado\/?p=1205"},"modified":"2011-12-06T18:57:46","modified_gmt":"2011-12-06T17:57:46","slug":"quale-scuola-dopo-la-3-media-2","status":"publish","type":"post","link":"https:\/\/istitutomariausiliatrice.it\/secondaria1grado\/2011\/12\/06\/quale-scuola-dopo-la-3-media-2\/","title":{"rendered":"Quale scuola dopo la 3\u00b0 Media?"},"content":{"rendered":"<p>&nbsp;<\/p>\n<p><a href=\"http:\/\/liceoausiliatrice.it\/secondaria1grado\/files\/gg_lic51.jpg\"><img loading=\"lazy\" decoding=\"async\" class=\"alignnone size-medium wp-image-1209\" src=\"http:\/\/liceoausiliatrice.it\/secondaria1grado\/files\/gg_lic51-300x150.jpg\" alt=\"\" width=\"300\" height=\"150\" \/><\/a><\/p>\n<p>Una \u201cfinestra\u201d sul variegato panorama della Scuola Superiore si \u00e8 aperta nella settimana dal 21 al 25 novembre scorso per i ragazzi di terza.<\/p>\n<p>La velocit\u00e0 e la vivacit\u00e0 delle immagini sul sito del Liceo ben documentano cosa \u00e8 stata l\u2019esperienza delle mattine trascorse nelle aule. Dalle 8 alle ore 13 i ragazzi sono stati accompagnati dai docenti e dai loro compagni pi\u00f9 grandi nelle occupazioni della vita di tutti i giorni al Liceo. Certamente c\u2019\u00e8 stato un momento pi\u00f9 specifico di informazione sui vari indirizzi, ma l\u2019attivit\u00e0 si \u00e8 snodata tra \u201cassaggi\u201d linguistici (cinese compreso), laboratori, video e lezione frontale. La reazione dei nostri allievi \u00e8 stata entusiasta e, per tutti, si \u00e8 dischiuso uno spiraglio in un mondo sconosciuto, che suscita comprensibile incertezza, ma con cui si \u00e8 entrati in una maggiore familiarit\u00e0.<\/p>\n<p>La serata del 24, invece, \u00e8 stata dedicata ai docenti dei vari istituti superiori previsti dalla legge Gelmini del marzo 2010. Anche questo \u00e8 stato un momento molto partecipato, semplice e cordiale, ma preciso nella comunicazione. Sono pi\u00f9 volte risuonate parole come \u201cinteresse\u201d, \u201cimpegno\u201d, \u201cpassione\u201d \u201cdeterminazione\u201d che sembrano scontate, ma che descrivono ancora bene l\u2019atteggiamento con cui iniziare gli studi superiori. Del resto, sui volti dei docenti che sono intervenuti si leggeva una totale disponibilit\u00e0 a mettersi in gioco per compiere con i loro studenti, in un rapporto leale e sereno, un tratto di strada importante.<\/p>\n<p>Con queste due iniziative la Scuola ha cercato di offrire, nella variet\u00e0 dei desideri e delle possibili scelte, un criterio di\u00a0 riferimento perch\u00e9 i ragazzi e le famiglie non si sentano soli in un momento delicato di crescita personale dei figli. Ora si spalanca un orizzonte nuovo e val proprio la pena attraversare il mare su vascelli sicuri!<\/p>\n","protected":false},"excerpt":{"rendered":"<p>&nbsp; Una \u201cfinestra\u201d sul variegato panorama della Scuola Superiore si \u00e8 aperta nella settimana dal 21 al 25 novembre scorso per i ragazzi di terza. La velocit\u00e0 e la vivacit\u00e0 delle immagini sul sito del Liceo ben documentano cosa \u00e8 stata l\u2019esperienza delle mattine trascorse nelle aule. Dalle 8 alle ore 13 i ragazzi sono [&hellip;]<\/p>\n","protected":false},"author":1,"featured_media":0,"comment_status":"closed","ping_status":"closed","sticky":false,"template":"","format":"standard","meta":{"vkexunit_cta_each_option":"","footnotes":""},"categories":[5,7],"tags":[],"class_list":["post-1205","post","type-post","status-publish","format-standard","hentry","category-featured","category-headline"],"_links":{"self":[{"href":"https:\/\/istitutomariausiliatrice.it\/secondaria1grado\/wp-json\/wp\/v2\/posts\/1205","targetHints":{"allow":["GET"]}}],"collection":[{"href":"https:\/\/istitutomariausiliatrice.it\/secondaria1grado\/wp-json\/wp\/v2\/posts"}],"about":[{"href":"https:\/\/istitutomariausiliatrice.it\/secondaria1grado\/wp-json\/wp\/v2\/types\/post"}],"author":[{"embeddable":true,"href":"https:\/\/istitutomariausiliatrice.it\/secondaria1grado\/wp-json\/wp\/v2\/users\/1"}],"replies":[{"embeddable":true,"href":"https:\/\/istitutomariausiliatrice.it\/secondaria1grado\/wp-json\/wp\/v2\/comments?post=1205"}],"version-history":[{"count":0,"href":"https:\/\/istitutomariausiliatrice.it\/secondaria1grado\/wp-json\/wp\/v2\/posts\/1205\/revisions"}],"wp:attachment":[{"href":"https:\/\/istitutomariausiliatrice.it\/secondaria1grado\/wp-json\/wp\/v2\/media?parent=1205"}],"wp:term":[{"taxonomy":"category","embeddable":true,"href":"https:\/\/istitutomariausiliatrice.it\/secondaria1grado\/wp-json\/wp\/v2\/categories?post=1205"},{"taxonomy":"post_tag","embeddable":true,"href":"https:\/\/istitutomariausiliatrice.it\/secondaria1grado\/wp-json\/wp\/v2\/tags?post=1205"}],"curies":[{"name":"wp","href":"https:\/\/api.w.org\/{rel}","templated":true}]}}