{"id":1212,"date":"2011-12-26T21:14:05","date_gmt":"2011-12-26T20:14:05","guid":{"rendered":"http:\/\/liceoausiliatrice.it\/secondaria1grado\/?p=1212"},"modified":"2011-12-26T21:14:05","modified_gmt":"2011-12-26T20:14:05","slug":"la-festa-di-natale","status":"publish","type":"post","link":"https:\/\/istitutomariausiliatrice.it\/secondaria1grado\/2011\/12\/26\/la-festa-di-natale\/","title":{"rendered":"La Festa di Natale"},"content":{"rendered":"<p>LA FESTA DI NATALE<\/p>\n<p>Quest\u2019anno, per celebrare il S. Natale, la\u00a0 festa \u00e8 stata un po\u2019 diversa dal solito, perch\u00e9 a salire sul palco non sono stati i ragazzi, ma \u2026gli insegnanti, guidati dalla regia della Prof.sa d\u2019Ambrosio. L\u2019idea era nell\u2019aria gi\u00e0 a Pra-Catinat, ma nelle ultime settimane ha preso forma e ha regalato entusiasmo e \u201cimpegno\u201d per svolgere il ruolo assegnato dal copione. Quindi, marted\u00ec 20 dicembre, dopola SantaMessamolto partecipata, si \u00e8 aperto il sipario per la compagnia di attori che hanno portato in scena la nota, ma sempre bella, storia\u00a0 narrata da Charles Dickens in \u201c Il canto di Natale\u201d. Sr Laura ela Prof.sad\u2019Ambrosio leggevano le parti narrate.<\/p>\n<p>Le prove, ridotte al minimo, non hanno creato ostacolo alla realizzazione perch\u00e9 ognuno sapeva bene cosa avrebbe dovuto fare e dire. E\u2019 stato molto divertente cercare costumi e oggetti di arredo che volevano esprimere l\u2019atmosfera di una vigilia di Natale londinese di almeno 120 fa.\u00a0 Comunque, preceduto da alcuni canti natalizi, il pezzo forte della serata\u00a0 ha offerto personaggi ben interpretati( molti docenti avevano pi\u00f9 ruoli) e soprattutto molto divertimento da parte di tutti. I ragazzi erano un po\u2019 stupiti nel vedere i loro proff. mettersi in gioco in vesti decisamente inusuali, ma anche i proff. si sono divertiti un mondo nel magico travestimento del teatro. Si \u00e8 creato nel pubblico un clima sereno e complice che ha permesso di far festa nel modo pi\u00f9 semplice e bello, tra risate, applausi e attenzione. Poi la serata si \u00e8 conclusa con una cena fredda davvero con i fiocchi.<\/p>\n<p>A quando un altro tentativo? Ce lo chiedono in molti\u2026. Si vedr\u00e0!<\/p>\n<p>Intanto rinnoviamo da questo sito ospitale gli auguri pi\u00f9 veri perch\u00e9 il Natale porti a ciascuno di noi il dono di un cuore cambiato dall\u2019amore, cos\u00ec come \u00e8 accaduto a Mister Scrooge. Arrivederci al 2012!<\/p>\n<p><a href=\"http:\/\/liceoausiliatrice.it\/secondaria1grado\/files\/IMG_2506.jpg\"><img loading=\"lazy\" decoding=\"async\" class=\"alignnone size-medium wp-image-1234\" src=\"http:\/\/liceoausiliatrice.it\/secondaria1grado\/files\/IMG_2506-300x225.jpg\" alt=\"\" width=\"300\" height=\"225\" \/><\/a><\/p>\n<p>&nbsp;<\/p>\n<p>Trovate altre foto nella sezione PHOTOGALLERY<\/p>\n","protected":false},"excerpt":{"rendered":"<p>LA FESTA DI NATALE Quest\u2019anno, per celebrare il S. Natale, la\u00a0 festa \u00e8 stata un po\u2019 diversa dal solito, perch\u00e9 a salire sul palco non sono stati i ragazzi, ma \u2026gli insegnanti, guidati dalla regia della Prof.sa d\u2019Ambrosio. L\u2019idea era nell\u2019aria gi\u00e0 a Pra-Catinat, ma nelle ultime settimane ha preso forma e ha regalato entusiasmo [&hellip;]<\/p>\n","protected":false},"author":1,"featured_media":0,"comment_status":"closed","ping_status":"closed","sticky":false,"template":"","format":"standard","meta":{"vkexunit_cta_each_option":"","footnotes":""},"categories":[5,6,7],"tags":[],"class_list":["post-1212","post","type-post","status-publish","format-standard","hentry","category-featured","category-feste","category-headline"],"_links":{"self":[{"href":"https:\/\/istitutomariausiliatrice.it\/secondaria1grado\/wp-json\/wp\/v2\/posts\/1212","targetHints":{"allow":["GET"]}}],"collection":[{"href":"https:\/\/istitutomariausiliatrice.it\/secondaria1grado\/wp-json\/wp\/v2\/posts"}],"about":[{"href":"https:\/\/istitutomariausiliatrice.it\/secondaria1grado\/wp-json\/wp\/v2\/types\/post"}],"author":[{"embeddable":true,"href":"https:\/\/istitutomariausiliatrice.it\/secondaria1grado\/wp-json\/wp\/v2\/users\/1"}],"replies":[{"embeddable":true,"href":"https:\/\/istitutomariausiliatrice.it\/secondaria1grado\/wp-json\/wp\/v2\/comments?post=1212"}],"version-history":[{"count":0,"href":"https:\/\/istitutomariausiliatrice.it\/secondaria1grado\/wp-json\/wp\/v2\/posts\/1212\/revisions"}],"wp:attachment":[{"href":"https:\/\/istitutomariausiliatrice.it\/secondaria1grado\/wp-json\/wp\/v2\/media?parent=1212"}],"wp:term":[{"taxonomy":"category","embeddable":true,"href":"https:\/\/istitutomariausiliatrice.it\/secondaria1grado\/wp-json\/wp\/v2\/categories?post=1212"},{"taxonomy":"post_tag","embeddable":true,"href":"https:\/\/istitutomariausiliatrice.it\/secondaria1grado\/wp-json\/wp\/v2\/tags?post=1212"}],"curies":[{"name":"wp","href":"https:\/\/api.w.org\/{rel}","templated":true}]}}