{"id":1252,"date":"2012-01-31T20:35:48","date_gmt":"2012-01-31T19:35:48","guid":{"rendered":"http:\/\/liceoausiliatrice.it\/secondaria1grado\/?p=1252"},"modified":"2012-01-31T20:35:48","modified_gmt":"2012-01-31T19:35:48","slug":"festa-di-don-bosco-2","status":"publish","type":"post","link":"https:\/\/istitutomariausiliatrice.it\/secondaria1grado\/2012\/01\/31\/festa-di-don-bosco-2\/","title":{"rendered":"Festa di Don Bosco"},"content":{"rendered":"<p>Gli ingredienti che costruiscono una festa \u201csalesiana\u201d sono la preghiera e la \u201callegria\u201d che \u00e8 serenit\u00e0 e pace del cuore. Se poi si mette anche un saporito pane e salame e il piacere di camminare quasi nella neve, la festa diventa perfetta.<\/p>\n<p>Cos\u00ec \u00e8 stato stamattina per celebrare la solennit\u00e0 di San Giovanni Bosco. Non la ricorrenza di un\u00a0 passato, un po\u2019 stantio o abitudinario, ma la certezza di una presenza che guida la storia di tanti giovani e adulti oggi e li conduce all\u2019incontro con un Dio vivo: ecco cosa si percepiva nella solenne liturgia celebrata in Basilica da Don Stefano Martoglio.<\/p>\n<p>Alle dieci, dopo lo spuntino atteso e apprezzato, siamo partiti alla volta dello Stadio del Ghiaccio di Corso Tazzoli.<\/p>\n<p>La pista era tutta per noi e l\u2019abbiamo goduta davvero tutta. Molti proff. volteggiavano lievi in mezzo ai ragazzi, soccorrendo talora qualche incertezza di coloro che erano alle prime armi. Molti sono veramente bravi, agili, sicuri, ma tutti si sono cimentati con gusto divertendosi con spontanea allegria. Anche chi non ha pattinato non ha certo avuto modo di annoiarsi!<\/p>\n<p>Una uscita sempre gradita \u00e8 quella per andare a pattinare: un modo per tutti di mettersi in gioco con semplicit\u00e0 e piacere.<\/p>\n<p>Tutte le foto nella sezione PHOTOGALLERY<\/p>\n<p><a href=\"http:\/\/liceoausiliatrice.it\/secondaria1grado\/files\/IMG_2067.jpg\"><img loading=\"lazy\" decoding=\"async\" class=\"alignnone size-medium wp-image-1253\" src=\"http:\/\/liceoausiliatrice.it\/secondaria1grado\/files\/IMG_2067-300x225.jpg\" alt=\"\" width=\"300\" height=\"225\" \/><\/a><\/p>\n<p>&nbsp;<\/p>\n","protected":false},"excerpt":{"rendered":"<p>Gli ingredienti che costruiscono una festa \u201csalesiana\u201d sono la preghiera e la \u201callegria\u201d che \u00e8 serenit\u00e0 e pace del cuore. Se poi si mette anche un saporito pane e salame e il piacere di camminare quasi nella neve, la festa diventa perfetta. Cos\u00ec \u00e8 stato stamattina per celebrare la solennit\u00e0 di San Giovanni Bosco. Non [&hellip;]<\/p>\n","protected":false},"author":1,"featured_media":0,"comment_status":"closed","ping_status":"closed","sticky":false,"template":"","format":"standard","meta":{"vkexunit_cta_each_option":"","footnotes":""},"categories":[5,6,7],"tags":[],"class_list":["post-1252","post","type-post","status-publish","format-standard","hentry","category-featured","category-feste","category-headline"],"_links":{"self":[{"href":"https:\/\/istitutomariausiliatrice.it\/secondaria1grado\/wp-json\/wp\/v2\/posts\/1252","targetHints":{"allow":["GET"]}}],"collection":[{"href":"https:\/\/istitutomariausiliatrice.it\/secondaria1grado\/wp-json\/wp\/v2\/posts"}],"about":[{"href":"https:\/\/istitutomariausiliatrice.it\/secondaria1grado\/wp-json\/wp\/v2\/types\/post"}],"author":[{"embeddable":true,"href":"https:\/\/istitutomariausiliatrice.it\/secondaria1grado\/wp-json\/wp\/v2\/users\/1"}],"replies":[{"embeddable":true,"href":"https:\/\/istitutomariausiliatrice.it\/secondaria1grado\/wp-json\/wp\/v2\/comments?post=1252"}],"version-history":[{"count":0,"href":"https:\/\/istitutomariausiliatrice.it\/secondaria1grado\/wp-json\/wp\/v2\/posts\/1252\/revisions"}],"wp:attachment":[{"href":"https:\/\/istitutomariausiliatrice.it\/secondaria1grado\/wp-json\/wp\/v2\/media?parent=1252"}],"wp:term":[{"taxonomy":"category","embeddable":true,"href":"https:\/\/istitutomariausiliatrice.it\/secondaria1grado\/wp-json\/wp\/v2\/categories?post=1252"},{"taxonomy":"post_tag","embeddable":true,"href":"https:\/\/istitutomariausiliatrice.it\/secondaria1grado\/wp-json\/wp\/v2\/tags?post=1252"}],"curies":[{"name":"wp","href":"https:\/\/api.w.org\/{rel}","templated":true}]}}