{"id":1282,"date":"2012-02-15T23:07:10","date_gmt":"2012-02-15T22:07:10","guid":{"rendered":"http:\/\/liceoausiliatrice.it\/secondaria1grado\/?p=1282"},"modified":"2012-02-15T23:07:10","modified_gmt":"2012-02-15T22:07:10","slug":"visita-al-museo-della-resistenza","status":"publish","type":"post","link":"https:\/\/istitutomariausiliatrice.it\/secondaria1grado\/2012\/02\/15\/visita-al-museo-della-resistenza\/","title":{"rendered":"Visita al Museo della Resistenza"},"content":{"rendered":"<p>Mercoled\u00ec, 8 febbraio, le classi terze sono andate a visitare il \u201cMuseo Diffuso della Resistenza, della Deportazione, della Guerra, dei Diritti e della Libert\u00e0\u201d.<\/p>\n<p>In particolare, il Museo\u00a0 ospita dal 27 gennaio scorso \u2013 Giorno della Memoria \u2013 la prima mostra italiana dei disegni di Thomas Geve dal titolo \u201cQui non ci sono bambini\u201d. Ed \u00e8 proprio e soprattutto alla mostra che Sr. Cristina aveva indirizzato la nostra attenzione e la nostra curiosit\u00e0.<\/p>\n<p>L\u2019autore dei disegni, un ragazzino ebreo deportato a 13 anni, soffr\u00ec l\u2019internamento e i lavori forzati nei campi di Auschwitz e Buckenvald, salvandosi dallo sterminio immediato a causa della sua costituzione fisica che lo aveva \u201cinvecchiato\u201d di tre anni. Nei suoi disegni \u00e8 narrata quasi come un documentario la vita nei lager, le atrocit\u00e0 che subirono e le condizioni al di l\u00e0 dell\u2019immaginabile in cui erano costretti migliaia di ebrei, zingari, omosessuali, oppositori politici, testimoni di Geova. Alla condizione delle donne \u00e8 dedicata una sezione particolarmente commovente.<\/p>\n<p>Prima di essere dimesso dall\u2019infermeria del campo, dopola \u00a0Liberazione, Geve ha voluto riprodurre l\u2019orrore, la tragedia, ma anche i segni di umanit\u00e0 che aveva visto e vissuto e lo ha fatto di getto sul retro di formulari delle SS abbandonati nel campo. Cos\u00ec ha \u201cfermato\u201d con lucidit\u00e0 e oggettivit\u00e0, senza cedere a nessuna emozione, il ricordo personale per consegnarlo a noi, per sempre, per non dimenticare. Dopo questa esperienza, Geve non ha pi\u00f9 disegnato n\u00e9 ha scritto altro e chi l\u2019ha visto a Torino, all\u2019inaugurazione della Mostra, lo descrive come un gentile distinto vecchio signore dai ricordi lucidi.<\/p>\n<p>Abbiamo seguito la guida con attenzione e con un silenzio sgomento e incredulo davanti alla essenzialit\u00e0 e alla forza comunicativa dei disegni.<\/p>\n<p>La visita \u00e8 stata davvero una esperienza positiva e importante per noi, giovani del 2000, che oggi godiamo di una libert\u00e0 pagata dai nostri nonni e bisnonni con il sacrificio e anche con la vita stessa.<\/p>\n<p>Elisabetta Isolato \u00a03^ B<\/p>\n<p><a href=\"http:\/\/liceoausiliatrice.it\/secondaria1grado\/files\/2489_55s600x600.jpg\"><img loading=\"lazy\" decoding=\"async\" class=\"alignnone size-medium wp-image-1283\" src=\"http:\/\/liceoausiliatrice.it\/secondaria1grado\/files\/2489_55s600x600-300x209.jpg\" alt=\"\" width=\"300\" height=\"209\" \/><\/a>\u00a0\u00a0<a href=\"http:\/\/liceoausiliatrice.it\/secondaria1grado\/files\/disegni-lager-jpg-BCHY89UE.jpg\"><img loading=\"lazy\" decoding=\"async\" class=\"alignnone size-medium wp-image-1284\" src=\"http:\/\/liceoausiliatrice.it\/secondaria1grado\/files\/disegni-lager-jpg-BCHY89UE-300x227.jpg\" alt=\"\" width=\"300\" height=\"227\" \/><\/a>\u00a0 \u00a0\u00a0<a href=\"http:\/\/liceoausiliatrice.it\/secondaria1grado\/files\/00370171_b.jpg\"><img loading=\"lazy\" decoding=\"async\" class=\"alignnone size-medium wp-image-1285\" src=\"http:\/\/liceoausiliatrice.it\/secondaria1grado\/files\/00370171_b-300x202.jpg\" alt=\"\" width=\"300\" height=\"202\" \/><\/a><\/p>\n","protected":false},"excerpt":{"rendered":"<p>Mercoled\u00ec, 8 febbraio, le classi terze sono andate a visitare il \u201cMuseo Diffuso della Resistenza, della Deportazione, della Guerra, dei Diritti e della Libert\u00e0\u201d. In particolare, il Museo\u00a0 ospita dal 27 gennaio scorso \u2013 Giorno della Memoria \u2013 la prima mostra italiana dei disegni di Thomas Geve dal titolo \u201cQui non ci sono bambini\u201d. Ed [&hellip;]<\/p>\n","protected":false},"author":1,"featured_media":0,"comment_status":"closed","ping_status":"closed","sticky":false,"template":"","format":"standard","meta":{"vkexunit_cta_each_option":"","footnotes":""},"categories":[3,5],"tags":[],"class_list":["post-1282","post","type-post","status-publish","format-standard","hentry","category-uscite-culturali","category-featured"],"_links":{"self":[{"href":"https:\/\/istitutomariausiliatrice.it\/secondaria1grado\/wp-json\/wp\/v2\/posts\/1282","targetHints":{"allow":["GET"]}}],"collection":[{"href":"https:\/\/istitutomariausiliatrice.it\/secondaria1grado\/wp-json\/wp\/v2\/posts"}],"about":[{"href":"https:\/\/istitutomariausiliatrice.it\/secondaria1grado\/wp-json\/wp\/v2\/types\/post"}],"author":[{"embeddable":true,"href":"https:\/\/istitutomariausiliatrice.it\/secondaria1grado\/wp-json\/wp\/v2\/users\/1"}],"replies":[{"embeddable":true,"href":"https:\/\/istitutomariausiliatrice.it\/secondaria1grado\/wp-json\/wp\/v2\/comments?post=1282"}],"version-history":[{"count":0,"href":"https:\/\/istitutomariausiliatrice.it\/secondaria1grado\/wp-json\/wp\/v2\/posts\/1282\/revisions"}],"wp:attachment":[{"href":"https:\/\/istitutomariausiliatrice.it\/secondaria1grado\/wp-json\/wp\/v2\/media?parent=1282"}],"wp:term":[{"taxonomy":"category","embeddable":true,"href":"https:\/\/istitutomariausiliatrice.it\/secondaria1grado\/wp-json\/wp\/v2\/categories?post=1282"},{"taxonomy":"post_tag","embeddable":true,"href":"https:\/\/istitutomariausiliatrice.it\/secondaria1grado\/wp-json\/wp\/v2\/tags?post=1282"}],"curies":[{"name":"wp","href":"https:\/\/api.w.org\/{rel}","templated":true}]}}