{"id":1360,"date":"2012-04-29T09:47:37","date_gmt":"2012-04-29T08:47:37","guid":{"rendered":"http:\/\/liceoausiliatrice.it\/secondaria1grado\/?p=1360"},"modified":"2012-04-29T09:47:37","modified_gmt":"2012-04-29T08:47:37","slug":"la-2-a-e-il-camino-de-santiago","status":"publish","type":"post","link":"https:\/\/istitutomariausiliatrice.it\/secondaria1grado\/2012\/04\/29\/la-2-a-e-il-camino-de-santiago\/","title":{"rendered":"La 2\u00b0 A e il &#8220;Camino de Santiago&#8221;"},"content":{"rendered":"<p><strong><a href=\"http:\/\/liceoausiliatrice.it\/secondaria1grado\/files\/itinerario1.jpg\"><img loading=\"lazy\" decoding=\"async\" class=\"alignnone size-medium wp-image-1393\" src=\"http:\/\/liceoausiliatrice.it\/secondaria1grado\/files\/itinerario1-300x158.jpg\" alt=\"\" width=\"300\" height=\"158\" \/><\/a>I ragazzi di 2A hanno svolto un lavoro di approfondimento sul Camino di Santiago de Compostela con la prof.ssa Filippini e la prof.ssa Mina.<\/strong><\/p>\n<p><strong>L\u2019obiettivo di tale lavoro era quello di capire il significato del pellegrinaggio medievale nonch\u00e9 conoscere i principali miracoli attribuiti all\u2019Apostolo San Giacomo, contenuti nel IV libro del Codex\u00a0 Calixtinus.<\/strong><\/p>\n<p><strong>Il messaggio che si \u00e8 voluto dare \u00e8 quello del miracolo come fatto prodigioso che avviene secondo la fede: un segno che viene da Dio perch\u00e9 l\u2019uomo creda di pi\u00f9. I miracoli narrati nel Liber Sancti Jacobi fanno sorridere il lettore che per\u00f2 deve avere la consapevolezza di come questi confortassero il pellegrino medievale, il quale aveva la certezza della protezione di Dio, la compagnia dei Suoi Santi, nel pericolo e nella fatica del Camino.<\/strong><\/p>\n<p><strong>Ai ragazzi \u00e8 stato chiesto di riassumere il lavoro svolto e di raffigurare i principali miracoli. <\/strong><\/p>\n<p>Il Camino di Santiago de Compostela \u00e8 un pellegrinaggio di fede che giunge da diverse direzioni e confluisce dopo Roncisvalle in un\u2019unica strada che termina a Santiago de Compostela, in Galizia.<\/p>\n<p>Da 1000 anni le Sante Reliquie dell\u2019apostolo Giacomo sono custodite all\u2019interno della Cattedrale di Santiago de Compostela e i pellegrini giungono qui per venerarle.<\/p>\n<p>I simboli del Camino sono: il cappello a larghe falde (petaso), la conchiglia, la\u00a0 mantella pellegrina, la zucca vuota (ciotola), il bastone (bordone) e la bisaccia.<\/p>\n<p>A partire dal secolo XI i pellegrini consultavano una guida (la Guida del Pellegrino) che riportava alcuni suggerimenti da seguire durante il Camino, come per esempio i luoghi dove riposare (ospitalerie) o alcuni avvertimenti per non cadere in un\u2019imboscata o in mano a traghettatori disonesti.<\/p>\n<p>A5 Km da Santiago de Compostela il pellegrino si ferma a Monte del Gozo per cambiarsi e lavarsi. Il rito, raccomandato nella Guida, aveva un valore spirituale, di purificazione interiore, oltre a quello pi\u00f9 evidente dopo il lungo cammino.<\/p>\n<p>L\u2019arrivo alla Cattedrale deve essere un momento carico di significato, un\u2019esperienza di fede che permetta di sentire la vicinanza di Dio all\u2019uomo.<\/p>\n<p><span style=\"text-decoration: underline\">SANTO DOMINGO DE LA CALZADA<\/span>:<\/p>\n<p>Una famiglia, durante il pellegrinaggio verso Santiago de Compostela, a Santo Domingo dela Calzada,entra in una locanda dove trova ospitalit\u00e0. La figlia dell\u2019oste fa degli apprezzamenti al ragazzo, ma lui la rifiuta. Allora lei nasconde dei vasi d\u2019argento nella sua bisaccia e avvisa le guardie. Il ragazzo viene impiccato perch\u00e9 l\u2019argenteria viene trovata in suo possesso. I genitori continuano il pellegrinaggio e lui si affida a San Giacomo. Al ritorno la famiglia chiede di riavere il corpo del figlio che \u00e8 miracolosamente vivo. Il vescovo, avvisato del prodigio, incredulo, afferma che il ragazzo \u00e8 vivo come i polli che lui sta mangiando. Improvvisamente i polli si rianimano sul tavolo.<\/p>\n<p>Da allora ( era il secolo XV)\u00a0 nella cattedrale di Santo Domingo dela Calzada\u00e8 ospitata una coppia di polli vivi in memoria del miracolo.<\/p>\n<p><a href=\"http:\/\/liceoausiliatrice.it\/secondaria1grado\/files\/11.jpeg\"><img loading=\"lazy\" decoding=\"async\" class=\"alignnone size-medium wp-image-1362\" src=\"http:\/\/liceoausiliatrice.it\/secondaria1grado\/files\/11-291x300.jpg\" alt=\"\" width=\"291\" height=\"300\" \/><\/a>\u00a0 \u00a0<a href=\"http:\/\/liceoausiliatrice.it\/secondaria1grado\/files\/2.jpeg\"><img loading=\"lazy\" decoding=\"async\" class=\"alignnone size-medium wp-image-1363\" src=\"http:\/\/liceoausiliatrice.it\/secondaria1grado\/files\/2-300x285.jpg\" alt=\"\" width=\"300\" height=\"285\" \/><\/a><\/p>\n<p><a href=\"http:\/\/liceoausiliatrice.it\/secondaria1grado\/files\/32.jpeg\"><img loading=\"lazy\" decoding=\"async\" class=\"size-medium wp-image-1366 alignleft\" src=\"http:\/\/liceoausiliatrice.it\/secondaria1grado\/files\/32-300x288.jpg\" alt=\"\" width=\"300\" height=\"288\" \/><\/a>\u00a0 \u00a0 \u00a0\u00a0<a href=\"http:\/\/liceoausiliatrice.it\/secondaria1grado\/files\/4.jpeg\"><img loading=\"lazy\" decoding=\"async\" class=\"alignnone size-medium wp-image-1367\" src=\"http:\/\/liceoausiliatrice.it\/secondaria1grado\/files\/4-288x300.jpg\" alt=\"\" width=\"288\" height=\"300\" \/><\/a><\/p>\n<p>&nbsp;<\/p>\n<p>&nbsp;<\/p>\n<p>&nbsp;<\/p>\n<p><span style=\"text-decoration: underline\">SAN SALVADOR DE LEYRE<\/span>:<\/p>\n<p>Nel monastero di San Salvador de Leyre, alcuni monaci benedettini entrarono in discordia; solo uno di loro, molto buono e innocente, decise di non prendere parte ai litigi dei suoi confratelli. Un giorno fu cos\u00ec rapito dal canto di un usignolo che rimase in preghiera per 300 anni. Quando rientr\u00f2 nel monastero si accorse che era trascorso molto tempo e che i\u00a0 monaci avevano cambiato aspetto e carattere. Cap\u00ec allora che il Signore aveva preservato la sua semplicit\u00e0 e la sua fede.<\/p>\n<p align=\"center\"><a href=\"http:\/\/liceoausiliatrice.it\/secondaria1grado\/files\/6.jpeg\"><img loading=\"lazy\" decoding=\"async\" class=\"alignnone size-medium wp-image-1370\" src=\"http:\/\/liceoausiliatrice.it\/secondaria1grado\/files\/6-163x300.jpg\" alt=\"\" width=\"163\" height=\"300\" \/><\/a><\/p>\n<p><span style=\"text-decoration: underline\">\u00a0<\/span><\/p>\n<p><span style=\"text-decoration: underline\">CARI<\/span><span style=\"text-decoration: underline\">\u00d3N DE LOS CONDES<\/span>:<\/p>\n<p>I saraceni chiedevano un tributo di 100 ragazze. Un anno, grazie all\u2019intercessione di San Giacomo, un gruppo di tori sfond\u00f2 il recinto e le ragazze furono libere.<\/p>\n<p style=\"text-align: center\">\u00a0<a href=\"http:\/\/liceoausiliatrice.it\/secondaria1grado\/files\/51.jpeg\"><img loading=\"lazy\" decoding=\"async\" class=\"alignnone size-medium wp-image-1371\" src=\"http:\/\/liceoausiliatrice.it\/secondaria1grado\/files\/51-300x165.jpg\" alt=\"\" width=\"300\" height=\"165\" \/><\/a><\/p>\n<p><span style=\"text-decoration: underline\">PASSO DEL CEBREIRO<\/span>:<\/p>\n<p>Questo miracolo viene chiamato EL MILAGRO. Il passo del Cebreiro era un luogo importante per il culto della Madonna ed era sostenuto dai principi di Navarra che proteggevano i pellegrini dai frequenti agguati. Ha luogo nel sec. XIV.<\/p>\n<p>Un monaco celebrava l\u2019eucaristia in una cappella di montagna. Alle sue messe venivano molti pastori. Un giorno di freddo e neve solo un pastore era salito al valico per la messa. Il monaco si chiese se valesse la pena sfidare la tormenta per un po\u2019 di pane e vino. Subito, allora, sotto le sue mani l\u2019ostia divenne carne e il vino sangue: era davvero il Corpo di Cristo.\u00a0 Nella chiesa \u00e8 tuttora custodita la testimonianza del miracolo: un panno di lino con tracce di sangue, il calice e il reliquiario con l\u2019ostia.<\/p>\n<p style=\"text-align: center\"><a href=\"http:\/\/liceoausiliatrice.it\/secondaria1grado\/files\/156-santiago3.jpg\"><img loading=\"lazy\" decoding=\"async\" class=\"alignnone size-medium wp-image-1395\" src=\"http:\/\/liceoausiliatrice.it\/secondaria1grado\/files\/156-santiago3-300x167.jpg\" alt=\"\" width=\"300\" height=\"167\" \/><\/a><\/p>\n","protected":false},"excerpt":{"rendered":"<p>I ragazzi di 2A hanno svolto un lavoro di approfondimento sul Camino di Santiago de Compostela con la prof.ssa Filippini e la prof.ssa Mina. L\u2019obiettivo di tale lavoro era quello di capire il significato del pellegrinaggio medievale nonch\u00e9 conoscere i principali miracoli attribuiti all\u2019Apostolo San Giacomo, contenuti nel IV libro del Codex\u00a0 Calixtinus. Il messaggio [&hellip;]<\/p>\n","protected":false},"author":1,"featured_media":0,"comment_status":"closed","ping_status":"closed","sticky":false,"template":"","format":"standard","meta":{"vkexunit_cta_each_option":"","footnotes":""},"categories":[4,5],"tags":[],"class_list":["post-1360","post","type-post","status-publish","format-standard","hentry","category-cammini-formativi","category-featured"],"_links":{"self":[{"href":"https:\/\/istitutomariausiliatrice.it\/secondaria1grado\/wp-json\/wp\/v2\/posts\/1360","targetHints":{"allow":["GET"]}}],"collection":[{"href":"https:\/\/istitutomariausiliatrice.it\/secondaria1grado\/wp-json\/wp\/v2\/posts"}],"about":[{"href":"https:\/\/istitutomariausiliatrice.it\/secondaria1grado\/wp-json\/wp\/v2\/types\/post"}],"author":[{"embeddable":true,"href":"https:\/\/istitutomariausiliatrice.it\/secondaria1grado\/wp-json\/wp\/v2\/users\/1"}],"replies":[{"embeddable":true,"href":"https:\/\/istitutomariausiliatrice.it\/secondaria1grado\/wp-json\/wp\/v2\/comments?post=1360"}],"version-history":[{"count":0,"href":"https:\/\/istitutomariausiliatrice.it\/secondaria1grado\/wp-json\/wp\/v2\/posts\/1360\/revisions"}],"wp:attachment":[{"href":"https:\/\/istitutomariausiliatrice.it\/secondaria1grado\/wp-json\/wp\/v2\/media?parent=1360"}],"wp:term":[{"taxonomy":"category","embeddable":true,"href":"https:\/\/istitutomariausiliatrice.it\/secondaria1grado\/wp-json\/wp\/v2\/categories?post=1360"},{"taxonomy":"post_tag","embeddable":true,"href":"https:\/\/istitutomariausiliatrice.it\/secondaria1grado\/wp-json\/wp\/v2\/tags?post=1360"}],"curies":[{"name":"wp","href":"https:\/\/api.w.org\/{rel}","templated":true}]}}