{"id":1418,"date":"2012-05-19T17:43:25","date_gmt":"2012-05-19T16:43:25","guid":{"rendered":"http:\/\/liceoausiliatrice.it\/secondaria1grado\/?p=1418"},"modified":"2012-05-19T17:43:25","modified_gmt":"2012-05-19T16:43:25","slug":"gita-delle-classi-1-e-2-a-milano-2","status":"publish","type":"post","link":"https:\/\/istitutomariausiliatrice.it\/secondaria1grado\/2012\/05\/19\/gita-delle-classi-1-e-2-a-milano-2\/","title":{"rendered":"Gita delle classi 1\u00b0 e 2\u00b0 a Milano"},"content":{"rendered":"<p>Abbiamo passato una fantastica giornata a Milano, dal primo all&#8217;ultimo<br \/>\nmomento.<br \/>\nCome sempre il viaggio in pullman \u00e8 stato bello e divertente, come anche la<br \/>\nvisita della citt\u00e0.<br \/>\nLa partenza \u00e8 stata veloce: alle 7:30 eravamo gi\u00e0 sul pullman e partivamo.<br \/>\nAppena arrivati siamo entrati nella Chiesa di Sant&#8217;Ambrogio, patrono della<br \/>\ncitt\u00e0.<br \/>\nLa parte sicuramente pi\u00f9 bella \u00e8 stata la visita al Museo delle Scienze: siamo<br \/>\nstati dentro tutta la mattinata e abbiamo anche mangiato nel \u00a0cortile<br \/>\ninterno.<br \/>\nDopo pranzo siamo passati davanti al Duomo e l&#8217;abbiamo fotografato molte<br \/>\nvolte. Dopo questa &#8220;visita&#8221; i maschi sono andati al Ferrari Store e le femmine<br \/>\nalla Rinascente.<br \/>\nL&#8217;ultimo sforzo l&#8217;abbiamo fatto per visitare il Castello Sforzesco, poi,<br \/>\nfinalmente per alcuni e purtroppo per altri, siamo tornati a casa.<br \/>\nNessuno ha detto che si era annoiato ma tutti hanno detto che avevano male ai<br \/>\npiedi!<\/p>\n<p>Lorenzo 1\u00b0 A<\/p>\n<p><a href=\"http:\/\/liceoausiliatrice.it\/secondaria1grado\/files\/P10301572.jpg\"><img loading=\"lazy\" decoding=\"async\" class=\"alignnone size-medium wp-image-1419\" src=\"http:\/\/liceoausiliatrice.it\/secondaria1grado\/files\/P10301572-300x168.jpg\" alt=\"\" width=\"300\" height=\"168\" \/><\/a><\/p>\n<p>&nbsp;<\/p>\n","protected":false},"excerpt":{"rendered":"<p>Abbiamo passato una fantastica giornata a Milano, dal primo all&#8217;ultimo momento. Come sempre il viaggio in pullman \u00e8 stato bello e divertente, come anche la visita della citt\u00e0. La partenza \u00e8 stata veloce: alle 7:30 eravamo gi\u00e0 sul pullman e partivamo. Appena arrivati siamo entrati nella Chiesa di Sant&#8217;Ambrogio, patrono della citt\u00e0. La parte sicuramente [&hellip;]<\/p>\n","protected":false},"author":1,"featured_media":0,"comment_status":"closed","ping_status":"closed","sticky":false,"template":"","format":"standard","meta":{"vkexunit_cta_each_option":"","footnotes":""},"categories":[3,5],"tags":[],"class_list":["post-1418","post","type-post","status-publish","format-standard","hentry","category-uscite-culturali","category-featured"],"_links":{"self":[{"href":"https:\/\/istitutomariausiliatrice.it\/secondaria1grado\/wp-json\/wp\/v2\/posts\/1418","targetHints":{"allow":["GET"]}}],"collection":[{"href":"https:\/\/istitutomariausiliatrice.it\/secondaria1grado\/wp-json\/wp\/v2\/posts"}],"about":[{"href":"https:\/\/istitutomariausiliatrice.it\/secondaria1grado\/wp-json\/wp\/v2\/types\/post"}],"author":[{"embeddable":true,"href":"https:\/\/istitutomariausiliatrice.it\/secondaria1grado\/wp-json\/wp\/v2\/users\/1"}],"replies":[{"embeddable":true,"href":"https:\/\/istitutomariausiliatrice.it\/secondaria1grado\/wp-json\/wp\/v2\/comments?post=1418"}],"version-history":[{"count":0,"href":"https:\/\/istitutomariausiliatrice.it\/secondaria1grado\/wp-json\/wp\/v2\/posts\/1418\/revisions"}],"wp:attachment":[{"href":"https:\/\/istitutomariausiliatrice.it\/secondaria1grado\/wp-json\/wp\/v2\/media?parent=1418"}],"wp:term":[{"taxonomy":"category","embeddable":true,"href":"https:\/\/istitutomariausiliatrice.it\/secondaria1grado\/wp-json\/wp\/v2\/categories?post=1418"},{"taxonomy":"post_tag","embeddable":true,"href":"https:\/\/istitutomariausiliatrice.it\/secondaria1grado\/wp-json\/wp\/v2\/tags?post=1418"}],"curies":[{"name":"wp","href":"https:\/\/api.w.org\/{rel}","templated":true}]}}