{"id":1437,"date":"2012-05-26T19:57:04","date_gmt":"2012-05-26T18:57:04","guid":{"rendered":"http:\/\/liceoausiliatrice.it\/secondaria1grado\/?p=1437"},"modified":"2012-05-26T19:57:04","modified_gmt":"2012-05-26T18:57:04","slug":"festa-del-grazie-2012-2","status":"publish","type":"post","link":"https:\/\/istitutomariausiliatrice.it\/secondaria1grado\/2012\/05\/26\/festa-del-grazie-2012-2\/","title":{"rendered":"Festa del Grazie 2012"},"content":{"rendered":"<p>&nbsp;<\/p>\n<p>Le fotografie della Festa del Grazie di venerd\u00ec 18 maggio possono soltanto restituire un debole riflesso della partecipazione corale, della seriet\u00e0 e dell\u2019impegno che questo momento, cos\u00ec atteso e festoso, ha testimoniato.<\/p>\n<p>Tutta la giornata \u00e8 stata densa: prima la scuola, poi la santa Messa celebrata in cappella alle ore 11.30, il pranzo insieme in cortile, le prove, lo spettacolo, la cena. E\u2019 stato un succedersi di attivit\u00e0, sentimenti, fatiche, giochi che ha coinvolto insieme tutto il giorno i docenti e i ragazzi.<\/p>\n<p>La bellissima e calda giornata ha favorito\u00a0 giochi e relax nel cortile dell\u2019Oratorio, mentre in teatro si effettuavano le prove.<\/p>\n<p>Lo spettacolo \u00e8 stato una sorpresa perch\u00e9, se tutti sapevano vagamente il tema (il senso del tempo tratto dall\u2019opera di Michael Ende &#8220;Momo&#8221;), nessuno immaginava l\u2019effetto di armonia e di equilibrio che teatro, canto, danze hanno realizzato. Un vero mosaico si \u00e8 dipanato in grande sintonia tra luci suggestive, scenografie essenziali, recitazione perfetta. Certamente gli ideatori dello spettacolo avevano \u201cvisto\u201d gi\u00e0 prima l\u2019effetto e la sintonia, ma forse neppure loro avrebbero scommesso sulla assoluta seriet\u00e0 dei ragazzi e sulla loro compostezza, anche perch\u00e9 le prove \u2013 si sa!..- avevano creato qualche agitazione.<\/p>\n<p>La fatica della Prof.sa d\u2018Ambrosio, di sr Monica e di sr Ariela \u00e8 stata applaudita con sincero entusiasmo e sui loro volti splendeva la gioia di aver vissuto con i loro allievi un\u2019esperienza di \u201cbellezza\u201d e di aver comunicato a tutti noi la certezza di una positivit\u00e0 nei ragazzi, nonostante le apparenze, e di averla valorizzata. Il messaggio della festa, l\u2019invito cio\u00e8 a godere intensamente del tempo che il Signore ci dona, \u00e8 forte e richiede di esser riconfermato ogni mattina: per questo il gruppo di teatro si \u00e8 impegnato a ricordarne il valore.<\/p>\n<p>La cena in piedi, squisita e curata come sempre, ha concluso la festa rivelando la profonda saggezza di Cicerone quando dice che \u201c per gli amici, mangiare insieme \u00e8 vivere insieme\u201d. Cos\u00ec \u00e8 stato, in semplicit\u00e0 e letizia, oggi.<\/p>\n<p><a href=\"http:\/\/liceoausiliatrice.it\/secondaria1grado\/files\/GRAZIE2.jpg\"><img loading=\"lazy\" decoding=\"async\" class=\"alignnone size-medium wp-image-1438\" src=\"http:\/\/liceoausiliatrice.it\/secondaria1grado\/files\/GRAZIE2-300x225.jpg\" alt=\"\" width=\"300\" height=\"225\" \/><\/a><\/p>\n","protected":false},"excerpt":{"rendered":"<p>&nbsp; Le fotografie della Festa del Grazie di venerd\u00ec 18 maggio possono soltanto restituire un debole riflesso della partecipazione corale, della seriet\u00e0 e dell\u2019impegno che questo momento, cos\u00ec atteso e festoso, ha testimoniato. Tutta la giornata \u00e8 stata densa: prima la scuola, poi la santa Messa celebrata in cappella alle ore 11.30, il pranzo insieme [&hellip;]<\/p>\n","protected":false},"author":1,"featured_media":0,"comment_status":"closed","ping_status":"closed","sticky":false,"template":"","format":"standard","meta":{"vkexunit_cta_each_option":"","footnotes":""},"categories":[5,6,7],"tags":[],"class_list":["post-1437","post","type-post","status-publish","format-standard","hentry","category-featured","category-feste","category-headline"],"_links":{"self":[{"href":"https:\/\/istitutomariausiliatrice.it\/secondaria1grado\/wp-json\/wp\/v2\/posts\/1437","targetHints":{"allow":["GET"]}}],"collection":[{"href":"https:\/\/istitutomariausiliatrice.it\/secondaria1grado\/wp-json\/wp\/v2\/posts"}],"about":[{"href":"https:\/\/istitutomariausiliatrice.it\/secondaria1grado\/wp-json\/wp\/v2\/types\/post"}],"author":[{"embeddable":true,"href":"https:\/\/istitutomariausiliatrice.it\/secondaria1grado\/wp-json\/wp\/v2\/users\/1"}],"replies":[{"embeddable":true,"href":"https:\/\/istitutomariausiliatrice.it\/secondaria1grado\/wp-json\/wp\/v2\/comments?post=1437"}],"version-history":[{"count":0,"href":"https:\/\/istitutomariausiliatrice.it\/secondaria1grado\/wp-json\/wp\/v2\/posts\/1437\/revisions"}],"wp:attachment":[{"href":"https:\/\/istitutomariausiliatrice.it\/secondaria1grado\/wp-json\/wp\/v2\/media?parent=1437"}],"wp:term":[{"taxonomy":"category","embeddable":true,"href":"https:\/\/istitutomariausiliatrice.it\/secondaria1grado\/wp-json\/wp\/v2\/categories?post=1437"},{"taxonomy":"post_tag","embeddable":true,"href":"https:\/\/istitutomariausiliatrice.it\/secondaria1grado\/wp-json\/wp\/v2\/tags?post=1437"}],"curies":[{"name":"wp","href":"https:\/\/api.w.org\/{rel}","templated":true}]}}