{"id":1447,"date":"2012-06-25T17:46:27","date_gmt":"2012-06-25T16:46:27","guid":{"rendered":"http:\/\/liceoausiliatrice.it\/secondaria1grado\/?p=1447"},"modified":"2012-06-25T17:46:27","modified_gmt":"2012-06-25T16:46:27","slug":"buone-vacanze-2","status":"publish","type":"post","link":"https:\/\/istitutomariausiliatrice.it\/secondaria1grado\/2012\/06\/25\/buone-vacanze-2\/","title":{"rendered":"Buone vacanze!"},"content":{"rendered":"<p><strong>Da suor Laura:<\/strong><\/p>\n<p><strong>\u00a0<\/strong><\/p>\n<p><strong>buone vacanze!<\/strong><\/p>\n<p>a voi tutti allievi,<\/p>\n<p>a voi che avete terminato il cammino all\u2019Ausiliatrice e a voi che tornerete dopo le vacanze.<\/p>\n<p>Vi saluto con simpatia, augurandovi di vivere bene questo periodo\u2026<\/p>\n<p>&nbsp;<\/p>\n<p>al <strong>mare<\/strong>, col suo fascino\u2026<\/p>\n<p><strong>\u00a0<a href=\"http:\/\/liceoausiliatrice.it\/secondaria1grado\/files\/spiaggia.jpg\"><img loading=\"lazy\" decoding=\"async\" class=\"alignnone size-medium wp-image-1448\" src=\"http:\/\/liceoausiliatrice.it\/secondaria1grado\/files\/spiaggia-300x194.jpg\" alt=\"\" width=\"300\" height=\"194\" \/><\/a><\/strong><\/p>\n<p><strong>Il fascino del mare<\/strong><\/p>\n<p>E\u2019 difficile parlare di vacanze e turismo senza pensare immediatamente al mare, spazio fisico e<\/p>\n<p>simbolico che apre gli orizzonti del sogno e dell\u2019avventura. Il suo fascino \u00e8 enorme. Lo<\/p>\n<p>dimostrano le tante opere artistiche che hanno come oggetto proprio il mare. Letteratura, pittura,<\/p>\n<p>fotografia si sono immerse e sono state sommerse dal mare. Quale poeta non si \u00e8 lasciato<\/p>\n<p>conquistare dal suo inafferrabile fluttuare? Quale narratore ha rinunciato a raccontare le vicende<\/p>\n<p>degli uomini che del mare hanno fatto la propria dimora? Quale pittore non ha intinto il proprio<\/p>\n<p>pennello nella tavolozza inesauribile delle onde? O quale fotografo ha rinunciato a scrivere<\/p>\n<p>immagini con la luce riflessa dai marosi?<\/p>\n<p>Da sempre il mare sta l\u00ec, tra terra e terra, tra sponda e sponda, ad un passo dal cielo.<\/p>\n<p><strong><em>Ci sar\u00e0 tra voi un nuovo scrittore, un pittore, un fotografo?!<\/em><\/strong><\/p>\n<p>Il mare non \u00e8 solo \u201cambiente\u201d, luogo geografico, <em>habitat. <\/em>Esso, nel corso dei secoli, \u00e8 andato via<\/p>\n<p>via caricandosi di significati simbolici. Ha rappresentato, per molte donne e molti uomini, la<\/p>\n<p>libert\u00e0, il viaggio, l\u2019avventura, la scoperta, la speranza di una vita nuova. Lo specchio<\/p>\n<p>sterminato delle acque \u00e8 divenuto sinonimo dell\u2019Infinito, come recita l\u2019ultima strofa della<\/p>\n<p>celebre lirica di Giacomo Leopardi: \u201cEd il naufragar m\u2019\u00e8 dolce in questo mare\u201d.<\/p>\n<p>&nbsp;<\/p>\n<p>in <strong>montagna<\/strong>, con il suo incanto\u2026<\/p>\n<p>&nbsp;<\/p>\n<p><strong>L\u2019incanto del monte<\/strong><\/p>\n<p>Il monte, con tutto ci\u00f2 che lo circonda e lo costituisce (roccia, neve, sentieri, vegetazione, &#8230;)<\/p>\n<p>richiama alla trascendenza, eleva l\u2019uomo non solo in altitudine ma anche nello spirito.<\/p>\n<p>L\u2019ascesa \u00e8 metafora del desiderio dell\u2019uomo di spingersi oltre, di incontrare il Totalmente Altro. E\u2019<\/p>\n<p>un salire verso una meta che confina con il cielo, prossimo e lontano ad un tempo.<\/p>\n<p>Sulla vetta \u00e8 il cielo stesso che si dona allo scalatore, nella sua lucentezza, nella sua profondit\u00e0. Ed<\/p>\n<p>il dono \u00e8 gratuito. Presente ed inafferrabile allo stesso tempo.<\/p>\n<p>Il fascino misterioso della montagna \u00e8 immediato. Quasi tutte le culture ed espressioni religiose le<\/p>\n<p>riconoscono un valore sacro particolarissimo.<\/p>\n<p>&nbsp;<\/p>\n<p>\u201cAddio, monti sorgenti dall\u2019acque, ed elevati al cielo, cime inuguali, note a chi \u00e8 cresciuto tra voi e<\/p>\n<p>impresse nella sua mente, non meno che lo sia l\u2019aspetto de\u2019 suoi pi\u00f9 familiari\u2026\u201d. Chi non ricorda<\/p>\n<p>questo struggente addio ai monti del Lecchese che Alessandro Manzoni ci ha lasciato nei Promessi<\/p>\n<p>Sposi?<\/p>\n<p>La vetta di un monte costringe ad alzare lo sguardo verso l&#8217;alto; \u00e8 come se fosse un indice puntato<\/p>\n<p>verso il cielo, \u00e8 il rimando allo zenit e quindi alla luce, all\u2019inaccessibilit\u00e0, alla trascendenza rispetto<\/p>\n<p>all\u2019orizzonte in cui noi siamo immersi quotidianamente.<\/p>\n<p>Il monte con la sua cima che sembra quasi perforare il cielo ricalca la posizione eretta dell\u2019uomo<\/p>\n<p>che si \u00e8 alzato dalla brutalit\u00e0 della terra; \u00e8 una specie di simbolo della vittoria sulla forza di gravit\u00e0.<\/p>\n<p>&nbsp;<\/p>\n<p>in <strong>campagna<\/strong>, con la sua tranquillit\u00e0\u2026<\/p>\n<p>&nbsp;<\/p>\n<p><strong>la tranquillit\u00e0 della campagna<\/strong><\/p>\n<p>La campagna \u00e8 un luogo che, molto pi\u00f9 di altri, si presta all\u2019incontro con Dio. Il rimando,<\/p>\n<p>tuttavia, non \u00e8 cos\u00ec immediato. L\u2019ambiente, per quanto suggestivo, non \u00e8 sufficiente. Per<\/p>\n<p>cogliere l\u2019istanza spirituale occorre fare una certa violenza su se stessi.<\/p>\n<p>Trovarsi su una strada sterrata in mezzo ai campi di grano e lungo i filari di un vigneto pu\u00f2<\/p>\n<p>trasmettere sensazioni ed emozioni ma, di per s\u00e9, nulla di pi\u00f9. Tocca a chi sta percorrendo<\/p>\n<p>quella strada fare s\u00ec che quei luoghi possano parlare.<\/p>\n<p>E\u2019 un\u2019esperienza che ho vissuto personalmente, pi\u00f9 di una volta. Penso a quando mi trovo nei<\/p>\n<p>boschi. Dopo una o due ore di cammino, mi accorgo di non aver ancora alzato o abbassato lo<\/p>\n<p>sguardo sulle foglie, sul muschio, sull\u2019erica perch\u00e9 i miei pensieri hanno continuato il loro corso<\/p>\n<p>e cos\u00ec mi sono trascinato dietro il mio lavoro, quella situazione irrisolta o quel progetto da<\/p>\n<p>realizzare. Sono in un bosco meraviglioso ma \u00e8 come se mi trovassi nel mio ufficio, in pieno<\/p>\n<p>centro-citt\u00e0!<\/p>\n<p>&nbsp;<\/p>\n<p>e insieme con tutti i professori e la comunit\u00e0 delle suore, mentre vi saluto, propongo<\/p>\n<p align=\"center\"><strong>una preghiera per ogni tempo<\/strong><\/p>\n<p align=\"center\">Il tempo \u00e8 un regalo che Tu ci fai, Signore,<\/p>\n<p align=\"center\">ma un regalo deteriorabile,<\/p>\n<p align=\"center\">un regalo che non si conserva.<\/p>\n<p align=\"center\">Signore, ho tempo,<\/p>\n<p align=\"center\">ho tutto il tempo mio,<\/p>\n<p align=\"center\">le giornate dei miei anni,<\/p>\n<p align=\"center\">le ore delle mie giornate;<\/p>\n<p align=\"center\">sono tutti miei.<\/p>\n<p align=\"center\">A me spetta di riempirli, serenamente, con calma,<\/p>\n<p align=\"center\">ma riempirli tutti fino all&#8217;orlo,per offrirteli<\/p>\n<p align=\"center\">Non ti chiedo questa mattina, o Signore,<\/p>\n<p align=\"center\">il tempo di fare questo e poi quello,<\/p>\n<p align=\"center\">Ti chiedo la grazia di fare coscienziosamente<\/p>\n<p align=\"center\">nel tempo che Tu mi dai quello che Tu vuoi ch&#8217;io faccia<\/p>\n<p align=\"center\"><strong>Un caro saluto a tutte le famiglie!<\/strong><strong><\/strong><\/p>\n","protected":false},"excerpt":{"rendered":"<p>Da suor Laura: \u00a0 buone vacanze! a voi tutti allievi, a voi che avete terminato il cammino all\u2019Ausiliatrice e a voi che tornerete dopo le vacanze. Vi saluto con simpatia, augurandovi di vivere bene questo periodo\u2026 &nbsp; al mare, col suo fascino\u2026 \u00a0 Il fascino del mare E\u2019 difficile parlare di vacanze e turismo senza [&hellip;]<\/p>\n","protected":false},"author":1,"featured_media":0,"comment_status":"closed","ping_status":"closed","sticky":false,"template":"","format":"standard","meta":{"vkexunit_cta_each_option":"","footnotes":""},"categories":[5,7],"tags":[],"class_list":["post-1447","post","type-post","status-publish","format-standard","hentry","category-featured","category-headline"],"_links":{"self":[{"href":"https:\/\/istitutomariausiliatrice.it\/secondaria1grado\/wp-json\/wp\/v2\/posts\/1447","targetHints":{"allow":["GET"]}}],"collection":[{"href":"https:\/\/istitutomariausiliatrice.it\/secondaria1grado\/wp-json\/wp\/v2\/posts"}],"about":[{"href":"https:\/\/istitutomariausiliatrice.it\/secondaria1grado\/wp-json\/wp\/v2\/types\/post"}],"author":[{"embeddable":true,"href":"https:\/\/istitutomariausiliatrice.it\/secondaria1grado\/wp-json\/wp\/v2\/users\/1"}],"replies":[{"embeddable":true,"href":"https:\/\/istitutomariausiliatrice.it\/secondaria1grado\/wp-json\/wp\/v2\/comments?post=1447"}],"version-history":[{"count":0,"href":"https:\/\/istitutomariausiliatrice.it\/secondaria1grado\/wp-json\/wp\/v2\/posts\/1447\/revisions"}],"wp:attachment":[{"href":"https:\/\/istitutomariausiliatrice.it\/secondaria1grado\/wp-json\/wp\/v2\/media?parent=1447"}],"wp:term":[{"taxonomy":"category","embeddable":true,"href":"https:\/\/istitutomariausiliatrice.it\/secondaria1grado\/wp-json\/wp\/v2\/categories?post=1447"},{"taxonomy":"post_tag","embeddable":true,"href":"https:\/\/istitutomariausiliatrice.it\/secondaria1grado\/wp-json\/wp\/v2\/tags?post=1447"}],"curies":[{"name":"wp","href":"https:\/\/api.w.org\/{rel}","templated":true}]}}