{"id":1573,"date":"2013-03-15T08:29:42","date_gmt":"2013-03-15T07:29:42","guid":{"rendered":"http:\/\/liceoausiliatrice.it\/secondaria1grado\/?p=1573"},"modified":"2013-03-15T08:29:42","modified_gmt":"2013-03-15T07:29:42","slug":"allah-non-e-mica-obbligato","status":"publish","type":"post","link":"https:\/\/istitutomariausiliatrice.it\/secondaria1grado\/2013\/03\/15\/allah-non-e-mica-obbligato\/","title":{"rendered":"&#8220;Allah non \u00e8 mica obbligato&#8221;"},"content":{"rendered":"<p>Mercoled\u00ec 6 marzo 2013 la classe 3^A ha partecipato allo spettacolo \u201cAllah non \u00e8 mica obbligato\u201d offerto dalla\u00a0 compagnia &#8220;Piccolo Teatro d&#8217; Arte&#8221; del Professor Claudio Ottavi e ospitato presso il Museo Diffuso della Deportazione e della Resistenza.<\/p>\n<p>Lo spettacolo\u00a0 \u00e8 un canovaccio tratto da un libro \u00a0che narra la vita di un bambino del Gabon, che dopo la morte della madre, si arruol\u00f2 tra i bambini soldato per raggiungere la zia. La realt\u00e0 dei bambini-soldato con tutta la complessa trama di responsabilit\u00e0 e di conseguenze \u00e8 stata \u201craccontata\u201d con crudezza e realismo da giovani attori e da immagini forti. Non possiamo far finta di non sapere il dramma che nasconde, anche nella faticosa risalita di un riscatto.\u00a0 Per questa crescita di consapevolezza e di riflessione pi\u00f9 matura\u00a0 il Prof. Ottavi, regista, ha\u00a0 proposto il tema, perch\u00e9 fossimo aiutati a capire fino a che punto si spingano le atrocit\u00e0 che ancora oggi avvengono in Africa, spesso nell\u2019indifferenza o, peggio, nella connivenza di molti Paesi europei. Lo svolgersi delle varie parti ci ha coinvolto profondamente, questo \u00e8 stato possibile anche perch\u00e9 nel rappresentare la vicenda non \u00e8 stato risparmiato niente e tutto \u00e8 stato rappresentato\u00a0 con termini realistici e forti..<br \/>\n\u00c8 stato un mix tra uno spettacolo e una conferenza , dopo ogni parte recitata ci sono stati\u00a0 interventi da parte di studiosi che ci hanno spiegato dal punto di vista storico e antropologico il motivo dell\u2019arruolamento dei bambini, la cui vita vale davvero pochissimo.<\/p>\n<p><a href=\"http:\/\/liceoausiliatrice.it\/secondaria1grado\/files\/bambini-soldato.jpg\"><img loading=\"lazy\" decoding=\"async\" class=\"alignnone size-full wp-image-1574\" alt=\"bambini soldato\" src=\"http:\/\/liceoausiliatrice.it\/secondaria1grado\/files\/bambini-soldato.jpg\" width=\"200\" height=\"195\" \/><\/a><\/p>\n<p>\u00c8 stata un&#8217; esperienza molto utile per uscire dal nostro mondo e spalancarci alle sofferenze che non anticamente, ma ora colpiscono ragazzi come noi.<\/p>\n<p>Virginia Cerrato<\/p>\n","protected":false},"excerpt":{"rendered":"<p>Mercoled\u00ec 6 marzo 2013 la classe 3^A ha partecipato allo spettacolo \u201cAllah non \u00e8 mica obbligato\u201d offerto dalla\u00a0 compagnia &#8220;Piccolo Teatro d&#8217; Arte&#8221; del Professor Claudio Ottavi e ospitato presso il Museo Diffuso della Deportazione e della Resistenza. Lo spettacolo\u00a0 \u00e8 un canovaccio tratto da un libro \u00a0che narra la vita di un bambino del [&hellip;]<\/p>\n","protected":false},"author":8,"featured_media":0,"comment_status":"closed","ping_status":"closed","sticky":false,"template":"","format":"standard","meta":{"vkexunit_cta_each_option":"","footnotes":""},"categories":[3,5],"tags":[],"class_list":["post-1573","post","type-post","status-publish","format-standard","hentry","category-uscite-culturali","category-featured"],"_links":{"self":[{"href":"https:\/\/istitutomariausiliatrice.it\/secondaria1grado\/wp-json\/wp\/v2\/posts\/1573","targetHints":{"allow":["GET"]}}],"collection":[{"href":"https:\/\/istitutomariausiliatrice.it\/secondaria1grado\/wp-json\/wp\/v2\/posts"}],"about":[{"href":"https:\/\/istitutomariausiliatrice.it\/secondaria1grado\/wp-json\/wp\/v2\/types\/post"}],"author":[{"embeddable":true,"href":"https:\/\/istitutomariausiliatrice.it\/secondaria1grado\/wp-json\/wp\/v2\/users\/8"}],"replies":[{"embeddable":true,"href":"https:\/\/istitutomariausiliatrice.it\/secondaria1grado\/wp-json\/wp\/v2\/comments?post=1573"}],"version-history":[{"count":0,"href":"https:\/\/istitutomariausiliatrice.it\/secondaria1grado\/wp-json\/wp\/v2\/posts\/1573\/revisions"}],"wp:attachment":[{"href":"https:\/\/istitutomariausiliatrice.it\/secondaria1grado\/wp-json\/wp\/v2\/media?parent=1573"}],"wp:term":[{"taxonomy":"category","embeddable":true,"href":"https:\/\/istitutomariausiliatrice.it\/secondaria1grado\/wp-json\/wp\/v2\/categories?post=1573"},{"taxonomy":"post_tag","embeddable":true,"href":"https:\/\/istitutomariausiliatrice.it\/secondaria1grado\/wp-json\/wp\/v2\/tags?post=1573"}],"curies":[{"name":"wp","href":"https:\/\/api.w.org\/{rel}","templated":true}]}}