{"id":1591,"date":"2013-04-08T20:38:06","date_gmt":"2013-04-08T19:38:06","guid":{"rendered":"http:\/\/liceoausiliatrice.it\/secondaria1grado\/?p=1591"},"modified":"2013-04-08T20:38:06","modified_gmt":"2013-04-08T19:38:06","slug":"tempo-di-gite-le-seconde-a-genova","status":"publish","type":"post","link":"https:\/\/istitutomariausiliatrice.it\/secondaria1grado\/2013\/04\/08\/tempo-di-gite-le-seconde-a-genova\/","title":{"rendered":"Tempo di gite: le Seconde a Genova"},"content":{"rendered":"<p>&nbsp;<\/p>\n<p><a href=\"http:\/\/liceoausiliatrice.it\/secondaria1grado\/files\/IMG_0165R.jpg\"><img loading=\"lazy\" decoding=\"async\" class=\"alignnone size-medium wp-image-1592\" alt=\"IMG_0165R\" src=\"http:\/\/liceoausiliatrice.it\/secondaria1grado\/files\/IMG_0165R-300x225.jpg\" width=\"300\" height=\"225\" \/><\/a><\/p>\n<p>Quasi nessuno dei ragazzi di seconda e dei 4 professori era mai stato a Genova, eccezion fatta, beninteso, della prof.sa Ridolfi, genovese d.o.c. e quindi preziosa guida per la giornata.<\/p>\n<p>Forse per questo la gita di venerd\u00ec 05 aprile \u00e8 stata davvero una bella esperienza, sotto tutti i punti di vista. Se \u201cgita scolastica\u201d vuol dire \u201camicizia, allegria, libert\u00e0 di movimento\u201d e,anche, la possibilit\u00e0 di vedere qualcosa di nuovo, di bello e di utile senza annoiarsi, ebbene, la giornata di venerd\u00ec ha offerto tutto quello che potessimo desiderare.<\/p>\n<p>Genova si \u00e8 svelata nella vivacit\u00e0 dei vicoli che dalla stazione ferroviaria giungono al porto, con un cielo coperto ma stranamente luminoso e con un\u2019aria davvero leggera, nonostante il traffico del porto. La mattinata \u00e8 trascorsa al Museo Galata, lo straordinario museo del mare, il pi\u00f9 importante del Mediterraneo. Una signora ci ha guidato con passione e competenza a comprendere le ragioni dello sviluppo marinaro della citt\u00e0 gi\u00e0 a partire dal secolo XI, quando \u00e8 iniziata la sua ascesa. Il Museo \u00e8 grandissimo e interessante, ma alcuni momenti sono stati affascinanti, perch\u00e9 offrivano la possibilit\u00e0 di salire su reali imbarcazioni, autentiche, pazientemente restaurate o ricostruite e riportate con fedelt\u00e0 alle strutture e alle strumentazioni originali. In particolare siamo saliti su una Galea del 1600 e su una nave mercantile del 1800. Anche la Sala degli Atlanti ci ha stupito e incuriosito offrendoci la possibilit\u00e0 \u00a0di \u201csfogliare\u201d le preziose carte con un sistema interattivo. Abbiamo\u00a0 avuto cos\u00ec la possibilit\u00e0 di conoscere il variegato mondo umano che ruotava intorno alle navi e che \u00e8 diventato famoso attraverso film e libri di avventura, ma siamo rimasti quasi increduli di fronte alle condizioni di vita cui era costretto.<\/p>\n<p>Al pomeriggio, altro pezzo forte \u00e8 stato l\u2019interessantissimo giro in battello per il Porto Vecchio. Una guida indicava le strutture del Porto e la funzione di edifici storici, chiedendoci di immaginare il brulicare di uomini con la loro fatica e le loro speranze, soprattutto dove attraccavano le navi che portavano gli emigranti negli Stati Uniti e nell\u2019America Latina\u00a0 e descrivendo le imbarcazioni che erano alle banchine. Ma durante il giro in battello solo a met\u00e0 si ascoltavano le spiegazioni, perch\u00e9 eccitati dall\u2019aria pungente, dai gabbiani, dalla voglia di scherzare e chiacchierare fra di noi si godevano gli altri ingredienti di una bella gita, quelli dell\u2019amicizia e del gioco.<\/p>\n<p>Le immancabili spesette di souvenir e di bibite hanno concluso la gita e per un pelo abbiamo ripreso il treno per Torino.<\/p>\n<p>KPICASA_GALLERY(username:foto.maux.medie,GitaAGenovaClassi2)<\/p>\n","protected":false},"excerpt":{"rendered":"<p>&nbsp; Quasi nessuno dei ragazzi di seconda e dei 4 professori era mai stato a Genova, eccezion fatta, beninteso, della prof.sa Ridolfi, genovese d.o.c. e quindi preziosa guida per la giornata. Forse per questo la gita di venerd\u00ec 05 aprile \u00e8 stata davvero una bella esperienza, sotto tutti i punti di vista. Se \u201cgita scolastica\u201d [&hellip;]<\/p>\n","protected":false},"author":8,"featured_media":0,"comment_status":"closed","ping_status":"closed","sticky":false,"template":"","format":"standard","meta":{"vkexunit_cta_each_option":"","footnotes":""},"categories":[3,5,7],"tags":[],"class_list":["post-1591","post","type-post","status-publish","format-standard","hentry","category-uscite-culturali","category-featured","category-headline"],"_links":{"self":[{"href":"https:\/\/istitutomariausiliatrice.it\/secondaria1grado\/wp-json\/wp\/v2\/posts\/1591","targetHints":{"allow":["GET"]}}],"collection":[{"href":"https:\/\/istitutomariausiliatrice.it\/secondaria1grado\/wp-json\/wp\/v2\/posts"}],"about":[{"href":"https:\/\/istitutomariausiliatrice.it\/secondaria1grado\/wp-json\/wp\/v2\/types\/post"}],"author":[{"embeddable":true,"href":"https:\/\/istitutomariausiliatrice.it\/secondaria1grado\/wp-json\/wp\/v2\/users\/8"}],"replies":[{"embeddable":true,"href":"https:\/\/istitutomariausiliatrice.it\/secondaria1grado\/wp-json\/wp\/v2\/comments?post=1591"}],"version-history":[{"count":0,"href":"https:\/\/istitutomariausiliatrice.it\/secondaria1grado\/wp-json\/wp\/v2\/posts\/1591\/revisions"}],"wp:attachment":[{"href":"https:\/\/istitutomariausiliatrice.it\/secondaria1grado\/wp-json\/wp\/v2\/media?parent=1591"}],"wp:term":[{"taxonomy":"category","embeddable":true,"href":"https:\/\/istitutomariausiliatrice.it\/secondaria1grado\/wp-json\/wp\/v2\/categories?post=1591"},{"taxonomy":"post_tag","embeddable":true,"href":"https:\/\/istitutomariausiliatrice.it\/secondaria1grado\/wp-json\/wp\/v2\/tags?post=1591"}],"curies":[{"name":"wp","href":"https:\/\/api.w.org\/{rel}","templated":true}]}}