{"id":1746,"date":"2013-06-23T15:39:12","date_gmt":"2013-06-23T14:39:12","guid":{"rendered":"http:\/\/liceoausiliatrice.it\/secondaria1grado\/?p=1746"},"modified":"2014-01-15T17:51:33","modified_gmt":"2014-01-15T16:51:33","slug":"buone-vacanze-2013","status":"publish","type":"post","link":"https:\/\/istitutomariausiliatrice.it\/secondaria1grado\/2013\/06\/23\/buone-vacanze-2013\/","title":{"rendered":"Buone vacanze 2013"},"content":{"rendered":"<p><em><a href=\"http:\/\/liceoausiliatrice.it\/secondaria1grado\/files\/bvac2013.jpg\"><img loading=\"lazy\" decoding=\"async\" class=\"alignnone size-full wp-image-1747\" alt=\"bvac2013\" src=\"http:\/\/liceoausiliatrice.it\/secondaria1grado\/files\/bvac2013.jpg\" width=\"117\" height=\"168\" \/><\/a><\/em><\/p>\n<p><em>Auguro a tutti bambini, ragazzi e genitori, familiari e amici,\u00a0<\/em><em><b>un periodo buono<\/b>\u00a0di almeno parziale cambiamento di attivit\u00e0!<\/em><\/p>\n<p><em>Quello che comunemente viene detto: <b>buone vacanze<\/b>!<\/em><\/p>\n<p><em>E condivido con gli adulti una riflessione che mi sembra molto pertinente\u2026<\/em><\/p>\n<p><em>Arrivederci <\/em><\/p>\n<p style=\"text-align: justify\"><em>sr Laura Gorlato<\/em><\/p>\n<p><em>Torino, 24.06.2013 festa di san Giovanni, patrono della citt\u00e0<\/em><\/p>\n<p>&nbsp;<\/p>\n<p><i>Semplicissima felicit\u00e0<\/i><strong> di Alessandro D\u2019Avenia<\/strong><\/p>\n<p>Nell\u2019atrio della mia scuola alla fine dell\u2019anno \u00e8 apparso un albero, con il tronco e i rami di compensato e le foglie di carta multicolore. In cima all\u2019albero \u00e8 scritto: \u00abFelicit\u00e0 \u00e8\u2026\u00bb. In ogni foglia \u00e8 contenuta la risposta di un bambino.<\/p>\n<p>Mi sono fermato a leggere una per una quelle foglie. E ho scoperto che la felicit\u00e0 per i bambini non solo \u00e8 semplicissima, ma \u00e8 soltanto relazionale. Tutte le foglie sono dedicate ad altri: familiari e amici. Nessuno di quei bimbi \u00e8 felice da solo. Le foglie sono, per la maggior parte, dedicate ai genitori, ai padri in particolare: felicit\u00e0 \u00e8 \u00abquando pap\u00e0 mi gonfia un palloncino e giochiamo insieme\u00bb, \u00abquando pap\u00e0 mi fa il solletico\u00bb. Felicit\u00e0 \u00e8: padri che giocano con i figli.<\/p>\n<p>Mi sono reso conto che la mia felicit\u00e0 non era all\u2019altezza di quella di quei bambini. La mia felicit\u00e0 \u00e8 molto pi\u00f9 complicata, assomiglia a un contenitore pieno di oggetti nuovi, di luoghi da vedere e di eventi futuri. \u00c8 tutta coniugata al futuro e all\u2019assente. Invece la felicit\u00e0 dei bambini non ha tempo e non ha spazio, anzi, meglio, ha il presente come unico tempo e la presenza come unico spazio. \u00c8 relazionale, non individuale.<\/p>\n<p>Quanto tempo la cultura in cui sono immersi questi bambini ci metter\u00e0 a cambiare il loro modo cos\u00ec chiaro e univoco di essere felici? C\u2019\u00e8 un antidoto per proteggere quella felicit\u00e0 cos\u00ec raggiungibile, cos\u00ec a portata di mano, rispetto alla felicit\u00e0 dettata dal consumismo?<\/p>\n","protected":false},"excerpt":{"rendered":"<p>Auguro a tutti bambini, ragazzi e genitori, familiari e amici,\u00a0un periodo buono\u00a0di almeno parziale cambiamento di attivit\u00e0! Quello che comunemente viene detto: buone vacanze! E condivido con gli adulti una riflessione che mi sembra molto pertinente\u2026 Arrivederci sr Laura Gorlato Torino, 24.06.2013 festa di san Giovanni, patrono della citt\u00e0 &nbsp; Semplicissima felicit\u00e0 di Alessandro D\u2019Avenia [&hellip;]<\/p>\n","protected":false},"author":8,"featured_media":1807,"comment_status":"closed","ping_status":"closed","sticky":false,"template":"","format":"standard","meta":{"vkexunit_cta_each_option":"","footnotes":""},"categories":[5,7],"tags":[],"class_list":["post-1746","post","type-post","status-publish","format-standard","has-post-thumbnail","hentry","category-featured","category-headline"],"_links":{"self":[{"href":"https:\/\/istitutomariausiliatrice.it\/secondaria1grado\/wp-json\/wp\/v2\/posts\/1746","targetHints":{"allow":["GET"]}}],"collection":[{"href":"https:\/\/istitutomariausiliatrice.it\/secondaria1grado\/wp-json\/wp\/v2\/posts"}],"about":[{"href":"https:\/\/istitutomariausiliatrice.it\/secondaria1grado\/wp-json\/wp\/v2\/types\/post"}],"author":[{"embeddable":true,"href":"https:\/\/istitutomariausiliatrice.it\/secondaria1grado\/wp-json\/wp\/v2\/users\/8"}],"replies":[{"embeddable":true,"href":"https:\/\/istitutomariausiliatrice.it\/secondaria1grado\/wp-json\/wp\/v2\/comments?post=1746"}],"version-history":[{"count":1,"href":"https:\/\/istitutomariausiliatrice.it\/secondaria1grado\/wp-json\/wp\/v2\/posts\/1746\/revisions"}],"predecessor-version":[{"id":1808,"href":"https:\/\/istitutomariausiliatrice.it\/secondaria1grado\/wp-json\/wp\/v2\/posts\/1746\/revisions\/1808"}],"wp:featuredmedia":[{"embeddable":true,"href":"https:\/\/istitutomariausiliatrice.it\/secondaria1grado\/wp-json\/wp\/v2\/media\/1807"}],"wp:attachment":[{"href":"https:\/\/istitutomariausiliatrice.it\/secondaria1grado\/wp-json\/wp\/v2\/media?parent=1746"}],"wp:term":[{"taxonomy":"category","embeddable":true,"href":"https:\/\/istitutomariausiliatrice.it\/secondaria1grado\/wp-json\/wp\/v2\/categories?post=1746"},{"taxonomy":"post_tag","embeddable":true,"href":"https:\/\/istitutomariausiliatrice.it\/secondaria1grado\/wp-json\/wp\/v2\/tags?post=1746"}],"curies":[{"name":"wp","href":"https:\/\/api.w.org\/{rel}","templated":true}]}}