{"id":1794,"date":"2013-10-13T19:23:33","date_gmt":"2013-10-13T18:23:33","guid":{"rendered":"http:\/\/liceoausiliatrice.it\/secondaria1grado\/?p=1794"},"modified":"2014-01-21T11:58:28","modified_gmt":"2014-01-21T10:58:28","slug":"gita-delle-3-a-ravenna","status":"publish","type":"post","link":"https:\/\/istitutomariausiliatrice.it\/secondaria1grado\/2013\/10\/13\/gita-delle-3-a-ravenna\/","title":{"rendered":"Gita delle 3\u00b0 in Romagna"},"content":{"rendered":"<p><a href=\"http:\/\/liceoausiliatrice.it\/secondaria1grado\/files\/ravenna.jpg\"><img loading=\"lazy\" decoding=\"async\" class=\"alignnone size-medium wp-image-1801\" alt=\"ravenna\" src=\"http:\/\/liceoausiliatrice.it\/secondaria1grado\/files\/ravenna-300x211.jpg\" width=\"300\" height=\"211\" \/><\/a><\/p>\n<p>&nbsp;<\/p>\n<p>Ecco le impressioni dei ragazzi:<\/p>\n<p>&#8220;Il viaggio \u00e8 stato fantastico. Il pullman era piccolo ed era fantastico. Stavamo partendo per una gita di 3 giorni! Al ritorno eravamo felicissimi per i tre giorni passati, ma un po&#8217; tristi perch\u00e8 la gita era gi\u00e0 finita.&#8221;<\/p>\n<p>&#8220;Che dire&#8230;questa gita \u00e8 stata bellissima, non solo perch\u00e8 ho visitato luoghi che non avevo mai visto prima, ma anche perch\u00e8 ha legato molto di pi\u00f9 il gruppo che era gi\u00e0 molto consolidato. Abbiamo visitato luoghi e monumenti bellissimi, ci siamo divertiti tantissimo e sono molto contento di aver fatto questa esperienza di vita, che porter\u00f2 certamente dentro di me per moltissimi anni.&#8221;<\/p>\n<p>&#8220;Ci siamo divertiti tantissimo, la gita \u00e8 stata organizzata benissimo da Sr. Caterina. Adesso ho un po&#8217; di malinconia, vorrei essere a Rimini a divertirmi!&#8221;<\/p>\n<p>&#8220;La gita che noi della 3\u00b0B e i ragazzi della 3\u00b0A abbiamo fatto insieme \u00e8 stata molto bella, per\u00f2 il tempo \u00e8 passato velocemente, peccato!!! La mia classe ed io ci siamo divertiti tanto anche se per poco. Spero di avere l&#8217;occasione di rifare questa gita magnifica!&#8221;<\/p>\n<p>&#8220;Questa gita \u00e8 stata bellissima! Ci siamo divertiti molto e abbiamo mangiato anche bene! Abbiamo visitato molti monumenti ed edifici antichi. Quello che mi ha colpito di pi\u00f9 \u00e8 stato la tomba di Dante Alighieri. Rifarei questa gita ogni singola settimana!&#8221;<\/p>\n<p>&#8220;La gita \u00e8 stata molto bella e interessante. La citt\u00e0 che mi \u00e8 piaciuta di pi\u00f9 tra quelle visitate \u00e8 Ravenna. Mi sono piaciute molto le chiese, di pi\u00f9 quella a Classe perch\u00e8 all&#8217;interno c&#8217;era una calma totale. Ravenna mi \u00e8 piaciuta per via degli splendidi mosaici di S. Vitale e Classe. Il cibo e l&#8217;ospitalit\u00e0 della casa Salesiana dove abbiamo transitato sono stati ottimi. Tre giorni stupendi, da rifare!&#8221;<\/p>\n<p>&#8220;La gita per me \u00e8 stata bellissima! Soprattutto perch\u00e8 ho legato ancora di pi\u00f9 con le ragazze della mia classe! Ho conosciuto alcuni gusti di alcune persone!! Mi sono divertita molto! La gita \u00e8 stata organizzata molto bene. La mia parte preferita \u00e8 stata l&#8217;Italia in Miniatura.&#8221;<\/p>\n","protected":false},"excerpt":{"rendered":"<p>&nbsp; Ecco le impressioni dei ragazzi: &#8220;Il viaggio \u00e8 stato fantastico. Il pullman era piccolo ed era fantastico. Stavamo partendo per una gita di 3 giorni! Al ritorno eravamo felicissimi per i tre giorni passati, ma un po&#8217; tristi perch\u00e8 la gita era gi\u00e0 finita.&#8221; &#8220;Che dire&#8230;questa gita \u00e8 stata bellissima, non solo perch\u00e8 ho [&hellip;]<\/p>\n","protected":false},"author":22,"featured_media":1858,"comment_status":"closed","ping_status":"closed","sticky":false,"template":"","format":"standard","meta":{"vkexunit_cta_each_option":"","footnotes":""},"categories":[3,5],"tags":[],"class_list":["post-1794","post","type-post","status-publish","format-standard","has-post-thumbnail","hentry","category-uscite-culturali","category-featured"],"_links":{"self":[{"href":"https:\/\/istitutomariausiliatrice.it\/secondaria1grado\/wp-json\/wp\/v2\/posts\/1794","targetHints":{"allow":["GET"]}}],"collection":[{"href":"https:\/\/istitutomariausiliatrice.it\/secondaria1grado\/wp-json\/wp\/v2\/posts"}],"about":[{"href":"https:\/\/istitutomariausiliatrice.it\/secondaria1grado\/wp-json\/wp\/v2\/types\/post"}],"author":[{"embeddable":true,"href":"https:\/\/istitutomariausiliatrice.it\/secondaria1grado\/wp-json\/wp\/v2\/users\/22"}],"replies":[{"embeddable":true,"href":"https:\/\/istitutomariausiliatrice.it\/secondaria1grado\/wp-json\/wp\/v2\/comments?post=1794"}],"version-history":[{"count":1,"href":"https:\/\/istitutomariausiliatrice.it\/secondaria1grado\/wp-json\/wp\/v2\/posts\/1794\/revisions"}],"predecessor-version":[{"id":1860,"href":"https:\/\/istitutomariausiliatrice.it\/secondaria1grado\/wp-json\/wp\/v2\/posts\/1794\/revisions\/1860"}],"wp:featuredmedia":[{"embeddable":true,"href":"https:\/\/istitutomariausiliatrice.it\/secondaria1grado\/wp-json\/wp\/v2\/media\/1858"}],"wp:attachment":[{"href":"https:\/\/istitutomariausiliatrice.it\/secondaria1grado\/wp-json\/wp\/v2\/media?parent=1794"}],"wp:term":[{"taxonomy":"category","embeddable":true,"href":"https:\/\/istitutomariausiliatrice.it\/secondaria1grado\/wp-json\/wp\/v2\/categories?post=1794"},{"taxonomy":"post_tag","embeddable":true,"href":"https:\/\/istitutomariausiliatrice.it\/secondaria1grado\/wp-json\/wp\/v2\/tags?post=1794"}],"curies":[{"name":"wp","href":"https:\/\/api.w.org\/{rel}","templated":true}]}}