{"id":1816,"date":"2013-10-13T17:14:16","date_gmt":"2013-10-13T16:14:16","guid":{"rendered":"http:\/\/liceoausiliatrice.it\/secondaria1grado\/?p=1778"},"modified":"2014-01-21T12:02:57","modified_gmt":"2014-01-21T11:02:57","slug":"festa-dellaccoglienza-2013","status":"publish","type":"post","link":"https:\/\/istitutomariausiliatrice.it\/secondaria1grado\/2013\/10\/13\/festa-dellaccoglienza-2013\/","title":{"rendered":"Festa dell&#8217;Accoglienza 2013"},"content":{"rendered":"<p>Da due anni la scuola \u201cvera\u201d inizia dalla Festa dell\u2019Accoglienza. Nelle settimane precedenti c\u2019\u00e8 una sorta di adattamento ai nuovi ritmi, c\u2019\u00e8 il piacere di ritrovarsi, ma si parte davvero quando si vive la festa che segna l\u2019inizio dell\u2019anno per noi \u201cdel\u00a0 27\u201d, tutti proprio tutti, dalla Scuola dell\u2019Infanzia al Liceo.<\/p>\n<p>Cos\u00ec \u00e8 accaduto sabato scorso, 5 ottobre, al Colle Don Bosco, avvolto da una foschia per nulla promettente. Ma \u00a0il tempo incerto non ha impedito che fiorisse la meraviglia di questa giornata densa di proposte e di promesse buone. Il grande \u201ctesoro\u201d che custodiva la giornata e che via via nell\u2019 anno si dovrebbe svelare meglio \u00e8 la scoperta della fede e della certezza di Ges\u00f9 che Don Bosco ha vissuto e che ci ha affidato. Questa promessa di felicit\u00e0 e di vita buona si \u00e8 snodata lungo tutte le attivit\u00e0 della giornata.<\/p>\n<p>Ai genitori \u00e8 stato offerto un tempo di ascolto e di formazione con Don Bruno Ferrero, salesiano esperto in umanit\u00e0, con il grande dono di saper parlare in modo brioso e concreto. Anche il Liceo era impegnato in un momento di formazione. Gli altri ragazzi, invece, dai piccoli alla Secondaria di 1^ hanno vissuto l\u2019esperienza della ricerca di ci\u00f2 che orienta la propria vita attraverso una serie di prove divertenti. Al termine, nella chiesetta di Maria Ausiliatrice, la consegna del TAU ha indicato il segno antico e suggestivo cui la vita di ciascuno \u00e8 orientata, come un totem che indichi la strada . Questo momento \u00e8 stato tra i pi\u00f9 belli e veri della giornata, nella semplicit\u00e0 di un annuncio vivo da 2000 anni.<\/p>\n<p>Il pomeriggio dedicato a un grande gioco ha coinvolto genitori e figli che, stremati, rincorrevano le postazioni dove prove sottili e impreviste avrebbero dovuto assegnare punteggi amb\u00ecti. \u00a0Musiche e balli facevano da sfondo.<\/p>\n<p>La santa Messa conclusiva ha raccolto nell\u2019offerta e nella preghiera tutto il desiderio di amicizia, serenit\u00e0 e fiducia come semplice e totale nelle mani di Ges\u00f9 e Maria.<\/p>\n<p>Insomma, il campo \u00e8 pronto per una semina lieta e feconda! Chi ha partecipato, ha certamente trattenuto un seme prezioso da piantare nella terra della sua vita e in quella degli altri.<\/p>\n<p>BUON\u00a0 ANNO a tutti! Si parte per l\u2019avventura educativa, sempre nuova e affascinante!<\/p>\n<p><strong><em>Tutte le foto nella sezione Photogallery.<\/em><\/strong><\/p>\n<p><a href=\"http:\/\/liceoausiliatrice.it\/secondaria1grado\/files\/IMG_0501RID1.jpg\"><img loading=\"lazy\" decoding=\"async\" class=\"alignnone size-medium wp-image-1781\" alt=\"IMG_0501RID\" src=\"http:\/\/liceoausiliatrice.it\/secondaria1grado\/files\/IMG_0501RID1-300x225.jpg\" width=\"300\" height=\"225\" \/><\/a><\/p>\n","protected":false},"excerpt":{"rendered":"<p>Da due anni la scuola \u201cvera\u201d inizia dalla Festa dell\u2019Accoglienza. Nelle settimane precedenti c\u2019\u00e8 una sorta di adattamento ai nuovi ritmi, c\u2019\u00e8 il piacere di ritrovarsi, ma si parte davvero quando si vive la festa che segna l\u2019inizio dell\u2019anno per noi \u201cdel\u00a0 27\u201d, tutti proprio tutti, dalla Scuola dell\u2019Infanzia al Liceo. Cos\u00ec \u00e8 accaduto sabato [&hellip;]<\/p>\n","protected":false},"author":22,"featured_media":1862,"comment_status":"closed","ping_status":"closed","sticky":false,"template":"","format":"standard","meta":{"vkexunit_cta_each_option":"","footnotes":""},"categories":[5,6,7],"tags":[],"class_list":["post-1816","post","type-post","status-publish","format-standard","has-post-thumbnail","hentry","category-featured","category-feste","category-headline"],"_links":{"self":[{"href":"https:\/\/istitutomariausiliatrice.it\/secondaria1grado\/wp-json\/wp\/v2\/posts\/1816","targetHints":{"allow":["GET"]}}],"collection":[{"href":"https:\/\/istitutomariausiliatrice.it\/secondaria1grado\/wp-json\/wp\/v2\/posts"}],"about":[{"href":"https:\/\/istitutomariausiliatrice.it\/secondaria1grado\/wp-json\/wp\/v2\/types\/post"}],"author":[{"embeddable":true,"href":"https:\/\/istitutomariausiliatrice.it\/secondaria1grado\/wp-json\/wp\/v2\/users\/22"}],"replies":[{"embeddable":true,"href":"https:\/\/istitutomariausiliatrice.it\/secondaria1grado\/wp-json\/wp\/v2\/comments?post=1816"}],"version-history":[{"count":1,"href":"https:\/\/istitutomariausiliatrice.it\/secondaria1grado\/wp-json\/wp\/v2\/posts\/1816\/revisions"}],"predecessor-version":[{"id":1864,"href":"https:\/\/istitutomariausiliatrice.it\/secondaria1grado\/wp-json\/wp\/v2\/posts\/1816\/revisions\/1864"}],"wp:featuredmedia":[{"embeddable":true,"href":"https:\/\/istitutomariausiliatrice.it\/secondaria1grado\/wp-json\/wp\/v2\/media\/1862"}],"wp:attachment":[{"href":"https:\/\/istitutomariausiliatrice.it\/secondaria1grado\/wp-json\/wp\/v2\/media?parent=1816"}],"wp:term":[{"taxonomy":"category","embeddable":true,"href":"https:\/\/istitutomariausiliatrice.it\/secondaria1grado\/wp-json\/wp\/v2\/categories?post=1816"},{"taxonomy":"post_tag","embeddable":true,"href":"https:\/\/istitutomariausiliatrice.it\/secondaria1grado\/wp-json\/wp\/v2\/tags?post=1816"}],"curies":[{"name":"wp","href":"https:\/\/api.w.org\/{rel}","templated":true}]}}