{"id":1820,"date":"2013-11-12T11:36:05","date_gmt":"2013-11-12T10:36:05","guid":{"rendered":"http:\/\/liceoausiliatrice.it\/secondaria1grado\/?p=1811"},"modified":"2014-01-21T11:52:13","modified_gmt":"2014-01-21T10:52:13","slug":"orientamento-per-le-terze","status":"publish","type":"post","link":"https:\/\/istitutomariausiliatrice.it\/secondaria1grado\/2013\/11\/12\/orientamento-per-le-terze\/","title":{"rendered":"ORIENTAMENTO PER LE TERZE"},"content":{"rendered":"<p><b><a href=\"http:\/\/liceoausiliatrice.it\/secondaria1grado\/files\/cartelli-indicatori-orientamento-scolastico_large.jpg\"><img loading=\"lazy\" decoding=\"async\" class=\"alignnone size-full wp-image-1812\" alt=\"cartelli-indicatori-orientamento-scolastico_large\" src=\"http:\/\/liceoausiliatrice.it\/secondaria1grado\/files\/cartelli-indicatori-orientamento-scolastico_large.jpg\" width=\"200\" height=\"200\" \/><\/a><\/b><\/p>\n<p>&nbsp;<\/p>\n<p><strong>CONOSCERE IL MONDO DELLA SCUOLA SUPERIORE<\/strong><\/p>\n<p>Sono settimane di sottile inquietudine per i ragazzi di 3^, di domande sul proprio futuro, su che scuola scegliere, sulle proprie motivazioni profonde, sulle forze che li sostengono.<\/p>\n<p>Per accompagnarli in questo cammino di conoscenza e per vincere la confusione, i docenti hanno organizzato 3 incontri di un\u2019ora ciascuno ragionando sui criteri di scelta, sulle attitudini, sul \u201cchi \u2013 come\u00a0 sono\u00a0 io\u201d e osservando i\u00a0 percorsi formativi della Scuola Secondaria con le specifiche caratteristiche di ciascuno.<\/p>\n<p>Ragazzi e docenti hanno incontrato il Preside del Liceo dell\u2019Istituto, Prof. Filippo Buzio, che ha illustrato le offerte del Liceo Linguistico e del Liceo delle Scienze Umane interni alla Scuola, ma ha soprattutto focalizzato le caratteristiche del percorso liceale in una realt\u00e0 come la nostra in cui l\u2019attenzione alla persona rende il \u201cviaggio\u201d della conoscenza \u00a0occasione di cultura, crescita e maturazione. Pur considerando \u201cvicini di casa\u201d i ragazzi e i docenti del Liceo, molti di noi non erano al corrente dei reali punti di forza che lo distingue rispetto ad altri in Citt\u00e0, come lo studio della lingua cinese o la stretta collaborazione con l\u2019Unione Industriale. Sono organizzati interessanti laboratori per \u201cassaggiare\u201d materie nuove e modalit\u00e0 diverse di studio e senz\u2019altro queste proposte saranno accolte dai nostri ragazzi.<\/p>\n<p>Ora li vediamo frastornati, ma curiosi e desiderosi di vivere anni di studio sereni\u2026.Coraggio, ragazzi!\u00a0 Ci saranno ancora due importanti appuntamenti di\u00a0 conoscenza e di riflessione su questo delicato problema, poi per\u00f2 non vi abbandoniamo. Non possiamo sostituirci a voi, vi aiutiamo per\u00f2 a preparare il vostro fagottino perch\u00e8 i vostri desideri siano compiuti con realismo e soddisfazione !<\/p>\n<p><b>\u00a0IN TEMA DI ORIENTAMENTO SCOLASTICO \u2026per le CLASSI\u00a0 TERZE<\/b><\/p>\n<ul>\n<li>INCONTRO\u00a0 GENITORI E ALUNNI con Docenti e Presidi di\u00a0 ISTITUTI SUPERIORI\u00a0\u00a0 rappresentativi di tutti i percorsi scolastici e formativi<\/li>\n<\/ul>\n<p>gioved\u00ec\u00a0 21.11.2013\u00a0\u00a0\u00a0\u00a0\u00a0 ore 18.00 in Sala Rossa<\/p>\n<p>&nbsp;<\/p>\n<ul>\n<li>POSSIBILITA\u2019\u00a0 di VISITARE\u00a0 il SALONE DELL\u2019ORIENTAMENTO\u00a0 allestito a cura della Provincia di Torino presso il PalaRuffini nei giorni 29\/30 novembre.\u00a0 La Prof.sa Mina \u00e8 disponibile ad accompagnare un gruppo di alunni interessati\u00a0\u00a0 venerd\u00ec 29.11 partendo alle 13.15 da Scuola; comunque la visita \u00e8 consigliata anche alle famiglie nella mattinata di sabato<\/li>\n<\/ul>\n","protected":false},"excerpt":{"rendered":"<p>&nbsp; CONOSCERE IL MONDO DELLA SCUOLA SUPERIORE Sono settimane di sottile inquietudine per i ragazzi di 3^, di domande sul proprio futuro, su che scuola scegliere, sulle proprie motivazioni profonde, sulle forze che li sostengono. Per accompagnarli in questo cammino di conoscenza e per vincere la confusione, i docenti hanno organizzato 3 incontri di un\u2019ora [&hellip;]<\/p>\n","protected":false},"author":22,"featured_media":1855,"comment_status":"closed","ping_status":"closed","sticky":false,"template":"","format":"standard","meta":{"vkexunit_cta_each_option":"","footnotes":""},"categories":[3,5],"tags":[],"class_list":["post-1820","post","type-post","status-publish","format-standard","has-post-thumbnail","hentry","category-uscite-culturali","category-featured"],"_links":{"self":[{"href":"https:\/\/istitutomariausiliatrice.it\/secondaria1grado\/wp-json\/wp\/v2\/posts\/1820","targetHints":{"allow":["GET"]}}],"collection":[{"href":"https:\/\/istitutomariausiliatrice.it\/secondaria1grado\/wp-json\/wp\/v2\/posts"}],"about":[{"href":"https:\/\/istitutomariausiliatrice.it\/secondaria1grado\/wp-json\/wp\/v2\/types\/post"}],"author":[{"embeddable":true,"href":"https:\/\/istitutomariausiliatrice.it\/secondaria1grado\/wp-json\/wp\/v2\/users\/22"}],"replies":[{"embeddable":true,"href":"https:\/\/istitutomariausiliatrice.it\/secondaria1grado\/wp-json\/wp\/v2\/comments?post=1820"}],"version-history":[{"count":1,"href":"https:\/\/istitutomariausiliatrice.it\/secondaria1grado\/wp-json\/wp\/v2\/posts\/1820\/revisions"}],"predecessor-version":[{"id":1856,"href":"https:\/\/istitutomariausiliatrice.it\/secondaria1grado\/wp-json\/wp\/v2\/posts\/1820\/revisions\/1856"}],"wp:featuredmedia":[{"embeddable":true,"href":"https:\/\/istitutomariausiliatrice.it\/secondaria1grado\/wp-json\/wp\/v2\/media\/1855"}],"wp:attachment":[{"href":"https:\/\/istitutomariausiliatrice.it\/secondaria1grado\/wp-json\/wp\/v2\/media?parent=1820"}],"wp:term":[{"taxonomy":"category","embeddable":true,"href":"https:\/\/istitutomariausiliatrice.it\/secondaria1grado\/wp-json\/wp\/v2\/categories?post=1820"},{"taxonomy":"post_tag","embeddable":true,"href":"https:\/\/istitutomariausiliatrice.it\/secondaria1grado\/wp-json\/wp\/v2\/tags?post=1820"}],"curies":[{"name":"wp","href":"https:\/\/api.w.org\/{rel}","templated":true}]}}