{"id":2390,"date":"2019-08-30T10:46:16","date_gmt":"2019-08-30T08:46:16","guid":{"rendered":"http:\/\/www.istitutomariausiliatrice.it\/secondaria1grado\/?p=2390"},"modified":"2019-08-30T11:12:55","modified_gmt":"2019-08-30T09:12:55","slug":"primo-giorno-di-scuola-a-s-2019-20","status":"publish","type":"post","link":"https:\/\/istitutomariausiliatrice.it\/secondaria1grado\/2019\/08\/30\/primo-giorno-di-scuola-a-s-2019-20\/","title":{"rendered":"PRIMO GIORNO DI SCUOLA A.S.2019\/20"},"content":{"rendered":"\n<figure class=\"wp-block-image\"><img loading=\"lazy\" decoding=\"async\" width=\"600\" height=\"881\" src=\"https:\/\/istitutomariausiliatrice.it\/secondaria1grado\/files\/tema_anno_201920_da_diario.jpg\" alt=\"\" class=\"wp-image-2395\" srcset=\"https:\/\/istitutomariausiliatrice.it\/secondaria1grado\/files\/tema_anno_201920_da_diario.jpg 600w, https:\/\/istitutomariausiliatrice.it\/secondaria1grado\/files\/tema_anno_201920_da_diario-204x300.jpg 204w, https:\/\/istitutomariausiliatrice.it\/secondaria1grado\/files\/tema_anno_201920_da_diario-136x200.jpg 136w\" sizes=\"auto, (max-width: 600px) 100vw, 600px\" \/><\/figure>\n\n\n\n<p>La Scuola Secondaria di Primo Grado &#8220;Maria Ausiliatrice&#8221; inizier\u00e0 <strong>luned\u00ec  9 settembre 2019 dalle h. 8.30 alle h. 12.30.<\/strong> Il ritrovo \u00e8 in cortile e l&#8217;inizio \u00e8 per tutte le classi della scuola media in palestra. <\/p>\n\n\n\n<p>Da Marted\u00ec 10 Settembre, l&#8217;orario \u00e8 dalle h.8.00 alle 13.30<\/p>\n\n\n\n<p>Non vediamo l&#8217;ora di (r)incontrarvi!<\/p>\n","protected":false},"excerpt":{"rendered":"<p>La Scuola Secondaria di Primo Grado &#8220;Maria Ausiliatrice&#8221; inizier\u00e0 luned\u00ec 9 settembre 2019 dalle h. 8.30 alle h. 12.30. Il ritrovo \u00e8 in cortile e l&#8217;inizio \u00e8 per tutte le classi della scuola media in palestra. Da Marted\u00ec 10 Settembre, l&#8217;orario \u00e8 dalle h.8.00 alle 13.30 Non vediamo l&#8217;ora di (r)incontrarvi!<\/p>\n","protected":false},"author":22,"featured_media":2395,"comment_status":"closed","ping_status":"closed","sticky":false,"template":"","format":"standard","meta":{"vkexunit_cta_each_option":"","footnotes":""},"categories":[1],"tags":[],"class_list":["post-2390","post","type-post","status-publish","format-standard","has-post-thumbnail","hentry","category-senza-categoria"],"_links":{"self":[{"href":"https:\/\/istitutomariausiliatrice.it\/secondaria1grado\/wp-json\/wp\/v2\/posts\/2390","targetHints":{"allow":["GET"]}}],"collection":[{"href":"https:\/\/istitutomariausiliatrice.it\/secondaria1grado\/wp-json\/wp\/v2\/posts"}],"about":[{"href":"https:\/\/istitutomariausiliatrice.it\/secondaria1grado\/wp-json\/wp\/v2\/types\/post"}],"author":[{"embeddable":true,"href":"https:\/\/istitutomariausiliatrice.it\/secondaria1grado\/wp-json\/wp\/v2\/users\/22"}],"replies":[{"embeddable":true,"href":"https:\/\/istitutomariausiliatrice.it\/secondaria1grado\/wp-json\/wp\/v2\/comments?post=2390"}],"version-history":[{"count":4,"href":"https:\/\/istitutomariausiliatrice.it\/secondaria1grado\/wp-json\/wp\/v2\/posts\/2390\/revisions"}],"predecessor-version":[{"id":2396,"href":"https:\/\/istitutomariausiliatrice.it\/secondaria1grado\/wp-json\/wp\/v2\/posts\/2390\/revisions\/2396"}],"wp:featuredmedia":[{"embeddable":true,"href":"https:\/\/istitutomariausiliatrice.it\/secondaria1grado\/wp-json\/wp\/v2\/media\/2395"}],"wp:attachment":[{"href":"https:\/\/istitutomariausiliatrice.it\/secondaria1grado\/wp-json\/wp\/v2\/media?parent=2390"}],"wp:term":[{"taxonomy":"category","embeddable":true,"href":"https:\/\/istitutomariausiliatrice.it\/secondaria1grado\/wp-json\/wp\/v2\/categories?post=2390"},{"taxonomy":"post_tag","embeddable":true,"href":"https:\/\/istitutomariausiliatrice.it\/secondaria1grado\/wp-json\/wp\/v2\/tags?post=2390"}],"curies":[{"name":"wp","href":"https:\/\/api.w.org\/{rel}","templated":true}]}}