{"id":3110,"date":"2022-11-01T19:17:59","date_gmt":"2022-11-01T18:17:59","guid":{"rendered":"http:\/\/www.istitutomariausiliatrice.it\/secondaria1grado\/?p=3110"},"modified":"2022-11-01T22:02:01","modified_gmt":"2022-11-01T21:02:01","slug":"festa-di-holyween-2022","status":"publish","type":"post","link":"https:\/\/istitutomariausiliatrice.it\/secondaria1grado\/2022\/11\/01\/festa-di-holyween-2022\/","title":{"rendered":"Festa di Holyween 2022"},"content":{"rendered":"\n<p>Come da tradizione, la Scuola secondaria di Primo grado Maria Ausiliatrice di prepara alla festa dei Santi con la serata Holyween.<\/p>\n\n\n\n<figure class=\"wp-block-image size-large\"><img loading=\"lazy\" decoding=\"async\" width=\"1024\" height=\"576\" src=\"https:\/\/istitutomariausiliatrice.it\/secondaria1grado\/files\/2022-11-01-16-05-37-396-1024x576.jpg\" alt=\"\" class=\"wp-image-3107\" srcset=\"https:\/\/istitutomariausiliatrice.it\/secondaria1grado\/files\/2022-11-01-16-05-37-396-1024x576.jpg 1024w, https:\/\/istitutomariausiliatrice.it\/secondaria1grado\/files\/2022-11-01-16-05-37-396-300x169.jpg 300w, https:\/\/istitutomariausiliatrice.it\/secondaria1grado\/files\/2022-11-01-16-05-37-396-768x432.jpg 768w, https:\/\/istitutomariausiliatrice.it\/secondaria1grado\/files\/2022-11-01-16-05-37-396-1536x865.jpg 1536w, https:\/\/istitutomariausiliatrice.it\/secondaria1grado\/files\/2022-11-01-16-05-37-396-2048x1153.jpg 2048w, https:\/\/istitutomariausiliatrice.it\/secondaria1grado\/files\/2022-11-01-16-05-37-396-320x180.jpg 320w\" sizes=\"auto, (max-width: 1024px) 100vw, 1024px\" \/><\/figure>\n\n\n\n<p>Abbiamo iniziato con la S.Messa celebrata da don Alessandro del Sermig, che ci ha ricordato che i santi sono gli amici di Ges\u00f9.<\/p>\n\n\n\n<figure class=\"wp-block-image size-large\"><img loading=\"lazy\" decoding=\"async\" width=\"768\" height=\"1024\" src=\"https:\/\/istitutomariausiliatrice.it\/secondaria1grado\/files\/2022-11-01-16-13-32-742-768x1024.jpg\" alt=\"\" class=\"wp-image-3108\" srcset=\"https:\/\/istitutomariausiliatrice.it\/secondaria1grado\/files\/2022-11-01-16-13-32-742-768x1024.jpg 768w, https:\/\/istitutomariausiliatrice.it\/secondaria1grado\/files\/2022-11-01-16-13-32-742-225x300.jpg 225w, https:\/\/istitutomariausiliatrice.it\/secondaria1grado\/files\/2022-11-01-16-13-32-742-1152x1536.jpg 1152w, https:\/\/istitutomariausiliatrice.it\/secondaria1grado\/files\/2022-11-01-16-13-32-742.jpg 1536w\" sizes=\"auto, (max-width: 768px) 100vw, 768px\" \/><\/figure>\n\n\n\n<p>Al termine, un grande gioco organizzato dai ragazzi del Liceo che hanno anche tenuto gli stand.<\/p>\n\n\n\n<figure class=\"wp-block-image size-large\"><a href=\"https:\/\/istitutomariausiliatrice.it\/secondaria1grado\/files\/2022-11-01-16-06-46-960.jpg\"><img loading=\"lazy\" decoding=\"async\" width=\"1024\" height=\"576\" src=\"https:\/\/istitutomariausiliatrice.it\/secondaria1grado\/files\/2022-11-01-16-06-46-960-1024x576.jpg\" alt=\"\" class=\"wp-image-3113\" srcset=\"https:\/\/istitutomariausiliatrice.it\/secondaria1grado\/files\/2022-11-01-16-06-46-960-1024x576.jpg 1024w, https:\/\/istitutomariausiliatrice.it\/secondaria1grado\/files\/2022-11-01-16-06-46-960-300x169.jpg 300w, https:\/\/istitutomariausiliatrice.it\/secondaria1grado\/files\/2022-11-01-16-06-46-960-768x432.jpg 768w, https:\/\/istitutomariausiliatrice.it\/secondaria1grado\/files\/2022-11-01-16-06-46-960-1536x865.jpg 1536w, https:\/\/istitutomariausiliatrice.it\/secondaria1grado\/files\/2022-11-01-16-06-46-960-2048x1153.jpg 2048w, https:\/\/istitutomariausiliatrice.it\/secondaria1grado\/files\/2022-11-01-16-06-46-960-320x180.jpg 320w\" sizes=\"auto, (max-width: 1024px) 100vw, 1024px\" \/><\/a><\/figure>\n\n\n\n<figure class=\"wp-block-image size-large\"><img loading=\"lazy\" decoding=\"async\" width=\"577\" height=\"1024\" src=\"https:\/\/istitutomariausiliatrice.it\/secondaria1grado\/files\/2022-11-01-16-08-46-8635334860127075667512-577x1024.jpg\" alt=\"\" class=\"wp-image-3109\" srcset=\"https:\/\/istitutomariausiliatrice.it\/secondaria1grado\/files\/2022-11-01-16-08-46-8635334860127075667512-577x1024.jpg 577w, https:\/\/istitutomariausiliatrice.it\/secondaria1grado\/files\/2022-11-01-16-08-46-8635334860127075667512-169x300.jpg 169w, https:\/\/istitutomariausiliatrice.it\/secondaria1grado\/files\/2022-11-01-16-08-46-8635334860127075667512-768x1363.jpg 768w, https:\/\/istitutomariausiliatrice.it\/secondaria1grado\/files\/2022-11-01-16-08-46-8635334860127075667512-865x1536.jpg 865w, https:\/\/istitutomariausiliatrice.it\/secondaria1grado\/files\/2022-11-01-16-08-46-8635334860127075667512-1154x2048.jpg 1154w, https:\/\/istitutomariausiliatrice.it\/secondaria1grado\/files\/2022-11-01-16-08-46-8635334860127075667512.jpg 1442w\" sizes=\"auto, (max-width: 577px) 100vw, 577px\" \/><figcaption>Tutto pronto per la cena, pizza &#x1f355; per tutti!<\/figcaption><\/figure>\n\n\n\n<p>Dopo cena grande serata di Just dance in palestra, con Sar\u00e0 ed Andrea DJ del liceo!!<\/p>\n\n\n\n<figure class=\"wp-block-image size-large\"><a href=\"https:\/\/istitutomariausiliatrice.it\/secondaria1grado\/files\/2022-11-01-16-06-08-999.jpg\"><img loading=\"lazy\" decoding=\"async\" width=\"1024\" height=\"576\" src=\"https:\/\/istitutomariausiliatrice.it\/secondaria1grado\/files\/2022-11-01-16-06-08-999-1024x576.jpg\" alt=\"\" class=\"wp-image-3112\" srcset=\"https:\/\/istitutomariausiliatrice.it\/secondaria1grado\/files\/2022-11-01-16-06-08-999-1024x576.jpg 1024w, https:\/\/istitutomariausiliatrice.it\/secondaria1grado\/files\/2022-11-01-16-06-08-999-300x169.jpg 300w, https:\/\/istitutomariausiliatrice.it\/secondaria1grado\/files\/2022-11-01-16-06-08-999-768x432.jpg 768w, https:\/\/istitutomariausiliatrice.it\/secondaria1grado\/files\/2022-11-01-16-06-08-999-1536x865.jpg 1536w, https:\/\/istitutomariausiliatrice.it\/secondaria1grado\/files\/2022-11-01-16-06-08-999-2048x1153.jpg 2048w, https:\/\/istitutomariausiliatrice.it\/secondaria1grado\/files\/2022-11-01-16-06-08-999-320x180.jpg 320w\" sizes=\"auto, (max-width: 1024px) 100vw, 1024px\" \/><\/a><\/figure>\n\n\n\n<p>Alla fine il Preside ha concluso con la &#8220;buonanotte&#8221; alla don Bosco: tutti possiamo diventare Santi, se accogliamo ci\u00f2 che Ges\u00f9 ci chiede! Con il grande mosaico di Ges\u00f9 formato dalle foto di Santi di ieri e i ragazzi del Maux, si chiude la serata. Buona Festa dei Santi a tutti!<\/p>\n\n\n\n<figure class=\"wp-block-image size-full\"><a href=\"https:\/\/istitutomariausiliatrice.it\/secondaria1grado\/files\/holyween.jpeg\"><img loading=\"lazy\" decoding=\"async\" width=\"800\" height=\"800\" src=\"https:\/\/istitutomariausiliatrice.it\/secondaria1grado\/files\/holyween.jpeg\" alt=\"\" class=\"wp-image-3114\" srcset=\"https:\/\/istitutomariausiliatrice.it\/secondaria1grado\/files\/holyween.jpeg 800w, https:\/\/istitutomariausiliatrice.it\/secondaria1grado\/files\/holyween-300x300.jpeg 300w, https:\/\/istitutomariausiliatrice.it\/secondaria1grado\/files\/holyween-150x150.jpeg 150w, https:\/\/istitutomariausiliatrice.it\/secondaria1grado\/files\/holyween-768x768.jpeg 768w\" sizes=\"auto, (max-width: 800px) 100vw, 800px\" \/><\/a><figcaption>Il crocifisso di S.Damiano fatto con i nostri volti!<\/figcaption><\/figure>\n","protected":false},"excerpt":{"rendered":"<p>Come da tradizione, la Scuola secondaria di Primo grado Maria Ausiliatrice di prepara alla festa dei Santi con la serata Holyween. Abbiamo iniziato con la S.Messa celebrata da don Alessandro del Sermig, che ci ha ricordato che i santi sono gli amici di Ges\u00f9. Al termine, un grande gioco organizzato dai ragazzi del Liceo che [&hellip;]<\/p>\n","protected":false},"author":22,"featured_media":3107,"comment_status":"closed","ping_status":"closed","sticky":false,"template":"","format":"standard","meta":{"vkexunit_cta_each_option":"","footnotes":""},"categories":[25,6,27],"tags":[],"class_list":["post-3110","post","type-post","status-publish","format-standard","has-post-thumbnail","hentry","category-a-s-2022-23","category-feste","category-we-are-maux"],"_links":{"self":[{"href":"https:\/\/istitutomariausiliatrice.it\/secondaria1grado\/wp-json\/wp\/v2\/posts\/3110","targetHints":{"allow":["GET"]}}],"collection":[{"href":"https:\/\/istitutomariausiliatrice.it\/secondaria1grado\/wp-json\/wp\/v2\/posts"}],"about":[{"href":"https:\/\/istitutomariausiliatrice.it\/secondaria1grado\/wp-json\/wp\/v2\/types\/post"}],"author":[{"embeddable":true,"href":"https:\/\/istitutomariausiliatrice.it\/secondaria1grado\/wp-json\/wp\/v2\/users\/22"}],"replies":[{"embeddable":true,"href":"https:\/\/istitutomariausiliatrice.it\/secondaria1grado\/wp-json\/wp\/v2\/comments?post=3110"}],"version-history":[{"count":4,"href":"https:\/\/istitutomariausiliatrice.it\/secondaria1grado\/wp-json\/wp\/v2\/posts\/3110\/revisions"}],"predecessor-version":[{"id":3117,"href":"https:\/\/istitutomariausiliatrice.it\/secondaria1grado\/wp-json\/wp\/v2\/posts\/3110\/revisions\/3117"}],"wp:featuredmedia":[{"embeddable":true,"href":"https:\/\/istitutomariausiliatrice.it\/secondaria1grado\/wp-json\/wp\/v2\/media\/3107"}],"wp:attachment":[{"href":"https:\/\/istitutomariausiliatrice.it\/secondaria1grado\/wp-json\/wp\/v2\/media?parent=3110"}],"wp:term":[{"taxonomy":"category","embeddable":true,"href":"https:\/\/istitutomariausiliatrice.it\/secondaria1grado\/wp-json\/wp\/v2\/categories?post=3110"},{"taxonomy":"post_tag","embeddable":true,"href":"https:\/\/istitutomariausiliatrice.it\/secondaria1grado\/wp-json\/wp\/v2\/tags?post=3110"}],"curies":[{"name":"wp","href":"https:\/\/api.w.org\/{rel}","templated":true}]}}