{"id":3175,"date":"2023-09-18T12:18:57","date_gmt":"2023-09-18T10:18:57","guid":{"rendered":"http:\/\/www.istitutomariausiliatrice.it\/secondaria1grado\/?p=3175"},"modified":"2023-09-19T12:25:29","modified_gmt":"2023-09-19T10:25:29","slug":"__trashed","status":"publish","type":"post","link":"https:\/\/istitutomariausiliatrice.it\/secondaria1grado\/2023\/09\/18\/__trashed\/","title":{"rendered":"&#x1f31f; Insieme per un Futuro Inclusivo: L&#8217;Iniziativa di AttivAbile &#x1f31f;"},"content":{"rendered":"\n<p>Siamo felici di condividere con voi oggi una storia ispiratrice di inclusione e dedizione. Conoscete AttivAbile? Si tratta di un&#8217;associazione straordinaria che sta facendo una differenza tangibile nella vita dei giovani con disabilit\u00e0 cognitive, sindrome di Down e sindromi di tipo autistico.<\/p>\n\n\n\n<p>&#x1f4da; <strong>Portando un Sorriso a Scuola Ogni Giorno<\/strong> &#x1f4da;<\/p>\n\n\n\n<p>AttivAbile lavora instancabilmente per creare un ambiente scolastico pi\u00f9 inclusivo e accogliente per tutti. Una delle loro iniziative pi\u00f9 sorprendenti \u00e8 quella di fornire una vasta gamma di spuntini dolci e salati all&#8217;interno delle scuole. Focacce appena sfornate, hotdog deliziosi e croissant fragranti sono solo alcune delle prelibatezze che portano ogni giorno nelle aule.<\/p>\n\n\n\n<p>&#x1f917; <strong>Un&#8217;Esperienza Gustosa e Inclusiva<\/strong> &#x1f917;<\/p>\n\n\n\n<p>Oltre a soddisfare i palati degli studenti, questa iniziativa offre un&#8217;opportunit\u00e0 unica per favorire l&#8217;inclusione. I giovani con disabilit\u00e0 coinvolgono attivamente nella preparazione e distribuzione degli spuntini, aprendo cos\u00ec le porte a nuove amicizie e connessioni. Insieme, stanno sfidando i pregiudizi e dimostrando che l&#8217;inclusione \u00e8 possibile quando ci impegniamo tutti insieme.<\/p>\n\n\n\n<p>Insieme, possiamo fare la differenza e costruire un futuro pi\u00f9 inclusivo per tutti. Grazie, AttivAbile, per essere una fonte di ispirazione e speranza per noi tutti.<\/p>\n\n\n\n<p>Grazie a Gabriele, Filomena e Elisa che ogni giorno vengono da noi, con il sorriso, per ogni intervallo!<\/p>\n\n\n\n<p>#Inclusione #Diversit\u00e0 #AttivAbile #FuturoInclusivo #InsiemePossiamo<\/p>\n\n\n\n<figure class=\"wp-block-gallery has-nested-images columns-default is-cropped wp-block-gallery-1 is-layout-flex wp-block-gallery-is-layout-flex\">\n<figure class=\"wp-block-image size-large\"><a href=\"https:\/\/istitutomariausiliatrice.it\/secondaria1grado\/files\/IMG-6293-1-2-scaled.jpg\"><img loading=\"lazy\" decoding=\"async\" width=\"885\" height=\"1024\" data-id=\"3183\" src=\"https:\/\/istitutomariausiliatrice.it\/secondaria1grado\/files\/IMG-6293-1-2-885x1024.jpg\" alt=\"\" class=\"wp-image-3183\" srcset=\"https:\/\/istitutomariausiliatrice.it\/secondaria1grado\/files\/IMG-6293-1-2-885x1024.jpg 885w, https:\/\/istitutomariausiliatrice.it\/secondaria1grado\/files\/IMG-6293-1-2-259x300.jpg 259w, https:\/\/istitutomariausiliatrice.it\/secondaria1grado\/files\/IMG-6293-1-2-768x888.jpg 768w, https:\/\/istitutomariausiliatrice.it\/secondaria1grado\/files\/IMG-6293-1-2-1328x1536.jpg 1328w, https:\/\/istitutomariausiliatrice.it\/secondaria1grado\/files\/IMG-6293-1-2-1771x2048.jpg 1771w\" sizes=\"auto, (max-width: 885px) 100vw, 885px\" \/><\/a><\/figure>\n\n\n\n<figure class=\"wp-block-image size-large\"><a href=\"https:\/\/istitutomariausiliatrice.it\/secondaria1grado\/files\/IMG-6296-1-1-scaled.jpg\"><img loading=\"lazy\" decoding=\"async\" width=\"768\" height=\"1024\" data-id=\"3184\" src=\"https:\/\/istitutomariausiliatrice.it\/secondaria1grado\/files\/IMG-6296-1-1-768x1024.jpg\" alt=\"\" class=\"wp-image-3184\" srcset=\"https:\/\/istitutomariausiliatrice.it\/secondaria1grado\/files\/IMG-6296-1-1-768x1024.jpg 768w, https:\/\/istitutomariausiliatrice.it\/secondaria1grado\/files\/IMG-6296-1-1-225x300.jpg 225w, https:\/\/istitutomariausiliatrice.it\/secondaria1grado\/files\/IMG-6296-1-1-1152x1536.jpg 1152w, https:\/\/istitutomariausiliatrice.it\/secondaria1grado\/files\/IMG-6296-1-1-1536x2048.jpg 1536w, https:\/\/istitutomariausiliatrice.it\/secondaria1grado\/files\/IMG-6296-1-1-scaled.jpg 1920w\" sizes=\"auto, (max-width: 768px) 100vw, 768px\" \/><\/a><\/figure>\n<\/figure>\n","protected":false},"excerpt":{"rendered":"<p>Siamo felici di condividere con voi oggi una storia ispiratrice di inclusione e dedizione. Conoscete AttivAbile? Si tratta di un&#8217;associazione straordinaria che sta facendo una differenza tangibile nella vita dei giovani con disabilit\u00e0 cognitive, sindrome di Down e sindromi di tipo autistico. &#x1f4da; Portando un Sorriso a Scuola Ogni Giorno &#x1f4da; AttivAbile lavora instancabilmente per [&hellip;]<\/p>\n","protected":false},"author":22,"featured_media":0,"comment_status":"closed","ping_status":"closed","sticky":false,"template":"","format":"standard","meta":{"vkexunit_cta_each_option":"","footnotes":""},"categories":[29,1],"tags":[],"class_list":["post-3175","post","type-post","status-publish","format-standard","hentry","category-a-s-2023-24","category-senza-categoria"],"_links":{"self":[{"href":"https:\/\/istitutomariausiliatrice.it\/secondaria1grado\/wp-json\/wp\/v2\/posts\/3175","targetHints":{"allow":["GET"]}}],"collection":[{"href":"https:\/\/istitutomariausiliatrice.it\/secondaria1grado\/wp-json\/wp\/v2\/posts"}],"about":[{"href":"https:\/\/istitutomariausiliatrice.it\/secondaria1grado\/wp-json\/wp\/v2\/types\/post"}],"author":[{"embeddable":true,"href":"https:\/\/istitutomariausiliatrice.it\/secondaria1grado\/wp-json\/wp\/v2\/users\/22"}],"replies":[{"embeddable":true,"href":"https:\/\/istitutomariausiliatrice.it\/secondaria1grado\/wp-json\/wp\/v2\/comments?post=3175"}],"version-history":[{"count":3,"href":"https:\/\/istitutomariausiliatrice.it\/secondaria1grado\/wp-json\/wp\/v2\/posts\/3175\/revisions"}],"predecessor-version":[{"id":3185,"href":"https:\/\/istitutomariausiliatrice.it\/secondaria1grado\/wp-json\/wp\/v2\/posts\/3175\/revisions\/3185"}],"wp:attachment":[{"href":"https:\/\/istitutomariausiliatrice.it\/secondaria1grado\/wp-json\/wp\/v2\/media?parent=3175"}],"wp:term":[{"taxonomy":"category","embeddable":true,"href":"https:\/\/istitutomariausiliatrice.it\/secondaria1grado\/wp-json\/wp\/v2\/categories?post=3175"},{"taxonomy":"post_tag","embeddable":true,"href":"https:\/\/istitutomariausiliatrice.it\/secondaria1grado\/wp-json\/wp\/v2\/tags?post=3175"}],"curies":[{"name":"wp","href":"https:\/\/api.w.org\/{rel}","templated":true}]}}