{"id":378,"date":"2010-10-25T17:49:52","date_gmt":"2010-10-25T16:49:52","guid":{"rendered":"http:\/\/liceoausiliatrice.it\/secondaria1grado\/?p=378"},"modified":"2010-10-25T17:49:52","modified_gmt":"2010-10-25T16:49:52","slug":"impressioni-di-ottobre-la-gita-delle-terze-in-emilia-romagna","status":"publish","type":"post","link":"https:\/\/istitutomariausiliatrice.it\/secondaria1grado\/2010\/10\/25\/impressioni-di-ottobre-la-gita-delle-terze-in-emilia-romagna\/","title":{"rendered":"Impressioni di\u2026..Ottobre: la Gita delle Terze in Emilia-Romagna"},"content":{"rendered":"<p>La gita di 3 giorni \u00e8 sempre considerata la pi\u00f9 bella, per\u00f2 in questa scuola \u00e8&#8230;FANTASTICA! Bologna, Riccione, San Marino , l&#8217;Italia in Miniatura, Ravenna sono state una scelta molto azzeccata.<\/p>\n<p>Tutte le localit\u00e0 ci hanno impressionato molto per la loro bellezza, ma non abbiamo solo visitato chiese e palazzi! abbiamo fatto passeggiate nei centri delle varie citt\u00e0 e preso gelati con le nostre amiche e i nostri amici.<\/p>\n<p>A San Marino \u00e8 stato bello girare da un negozio all&#8217;altro in cerca di qualcosa di carino! Inoltre era il posto perfetto per farsi delle foto con gli amici!<\/p>\n<p>Il momento migliore della giornata, per\u00f2, \u00e8 stato andare in spiaggia e rivedere il mare dopo uno o due mesi. La sensazione di mettere i piedi nella sabbia fredda \u00e8 stata bellissima, faceva ricordare le vacanze appena passate.<\/p>\n<p>A Ravenna le visite riguardavano piazze e chiese, ma noi eravamo talmente stanchi che non ci reggevamo neanche in piedi, per colpa delle poche ore di sonno notturno!<\/p>\n<p>E&#8217; stata una gita unica e indimenticabile, ricca di emozioni, a volte dettate dal luogo in cui ci trovavamo, come la Tomba di Dante. E&#8217; stato sensazionale trovarsi proprio nella stessa citt\u00e0 in cui lui aveva camminato.<\/p>\n<p>Quando il venerd\u00ec siamo tornati a casa eravamo veramente dispiaciuti, ma nello stesso tempo contenti per i nuovi ricordi e per tutto il tempo\u00a0trascorso insieme ad alcune persone speciali: i\u00a0nostri amici!!!<\/p>\n<p>Giulia C., Elena, Giulia V.<\/p>\n<p>Ecco alcune foto&#8230;&#8230;.<\/p>\n<p>KPICASA_GALLERY(Gita3ABolognaSanMarinoERavenna)<\/p>\n","protected":false},"excerpt":{"rendered":"<p>La gita di 3 giorni \u00e8 sempre considerata la pi\u00f9 bella, per\u00f2 in questa scuola \u00e8&#8230;FANTASTICA! Bologna, Riccione, San Marino , l&#8217;Italia in Miniatura, Ravenna sono state una scelta molto azzeccata. Tutte le localit\u00e0 ci hanno impressionato molto per la loro bellezza, ma non abbiamo solo visitato chiese e palazzi! abbiamo fatto passeggiate nei centri [&hellip;]<\/p>\n","protected":false},"author":1,"featured_media":0,"comment_status":"closed","ping_status":"closed","sticky":false,"template":"","format":"standard","meta":{"vkexunit_cta_each_option":"","footnotes":""},"categories":[3,5,7],"tags":[],"class_list":["post-378","post","type-post","status-publish","format-standard","hentry","category-uscite-culturali","category-featured","category-headline"],"_links":{"self":[{"href":"https:\/\/istitutomariausiliatrice.it\/secondaria1grado\/wp-json\/wp\/v2\/posts\/378","targetHints":{"allow":["GET"]}}],"collection":[{"href":"https:\/\/istitutomariausiliatrice.it\/secondaria1grado\/wp-json\/wp\/v2\/posts"}],"about":[{"href":"https:\/\/istitutomariausiliatrice.it\/secondaria1grado\/wp-json\/wp\/v2\/types\/post"}],"author":[{"embeddable":true,"href":"https:\/\/istitutomariausiliatrice.it\/secondaria1grado\/wp-json\/wp\/v2\/users\/1"}],"replies":[{"embeddable":true,"href":"https:\/\/istitutomariausiliatrice.it\/secondaria1grado\/wp-json\/wp\/v2\/comments?post=378"}],"version-history":[{"count":0,"href":"https:\/\/istitutomariausiliatrice.it\/secondaria1grado\/wp-json\/wp\/v2\/posts\/378\/revisions"}],"wp:attachment":[{"href":"https:\/\/istitutomariausiliatrice.it\/secondaria1grado\/wp-json\/wp\/v2\/media?parent=378"}],"wp:term":[{"taxonomy":"category","embeddable":true,"href":"https:\/\/istitutomariausiliatrice.it\/secondaria1grado\/wp-json\/wp\/v2\/categories?post=378"},{"taxonomy":"post_tag","embeddable":true,"href":"https:\/\/istitutomariausiliatrice.it\/secondaria1grado\/wp-json\/wp\/v2\/tags?post=378"}],"curies":[{"name":"wp","href":"https:\/\/api.w.org\/{rel}","templated":true}]}}