{"id":4007,"date":"2025-12-23T13:11:42","date_gmt":"2025-12-23T12:11:42","guid":{"rendered":"https:\/\/istitutomariausiliatrice.it\/secondaria1grado\/?p=4007"},"modified":"2025-12-23T13:11:43","modified_gmt":"2025-12-23T12:11:43","slug":"festa-di-natale-al-maux","status":"publish","type":"post","link":"https:\/\/istitutomariausiliatrice.it\/secondaria1grado\/2025\/12\/23\/festa-di-natale-al-maux\/","title":{"rendered":"Festa di Natale al Maux!"},"content":{"rendered":"\n<p><\/p>\n\n\n\n<p>Luci accese, musica nell\u2019aria e lo spirito del Natale che finalmente si fa sentire. Anche quest\u2019anno la scuola si trasforma in un luogo di incontro, sorrisi e condivisione: una serata per stare insieme, lasciarci alle spalle le verifiche e celebrare ci\u00f2 che ci unisce davvero.<\/p>\n\n\n\n<p><\/p>\n\n\n\n<p>Il Natale \u00e8 pi\u00f9 bello se lo viviamo insieme.<\/p>\n\n\n\n<figure class=\"wp-block-gallery has-nested-images columns-default is-cropped wp-block-gallery-1 is-layout-flex wp-block-gallery-is-layout-flex\">\n<figure class=\"wp-block-image size-large is-style-vk-image-circle\"><a href=\"https:\/\/istitutomariausiliatrice.it\/secondaria1grado\/files\/PXL_20251218_195250319.MP-EDIT-scaled.jpg\"><img loading=\"lazy\" decoding=\"async\" width=\"576\" height=\"1024\" data-id=\"4009\" src=\"https:\/\/istitutomariausiliatrice.it\/secondaria1grado\/files\/PXL_20251218_195250319.MP-EDIT-576x1024.jpg\" alt=\"\" class=\"wp-image-4009\" srcset=\"https:\/\/istitutomariausiliatrice.it\/secondaria1grado\/files\/PXL_20251218_195250319.MP-EDIT-576x1024.jpg 576w, https:\/\/istitutomariausiliatrice.it\/secondaria1grado\/files\/PXL_20251218_195250319.MP-EDIT-169x300.jpg 169w, https:\/\/istitutomariausiliatrice.it\/secondaria1grado\/files\/PXL_20251218_195250319.MP-EDIT-768x1365.jpg 768w, https:\/\/istitutomariausiliatrice.it\/secondaria1grado\/files\/PXL_20251218_195250319.MP-EDIT-864x1536.jpg 864w, https:\/\/istitutomariausiliatrice.it\/secondaria1grado\/files\/PXL_20251218_195250319.MP-EDIT-1152x2048.jpg 1152w, https:\/\/istitutomariausiliatrice.it\/secondaria1grado\/files\/PXL_20251218_195250319.MP-EDIT-scaled.jpg 1440w\" sizes=\"auto, (max-width: 576px) 100vw, 576px\" \/><\/a><\/figure>\n<\/figure>\n\n\n\n<h1 class=\"wp-block-heading\"><\/h1>\n\n\n\n<p><\/p>\n","protected":false},"excerpt":{"rendered":"<p>Luci accese, musica nell\u2019aria e lo spirito del Natale che finalmente si fa sentire. Anche quest\u2019anno la scuola si trasforma in un luogo di incontro, sorrisi e condivisione: una serata per stare insieme, lasciarci alle spalle le verifiche e celebrare ci\u00f2 che ci unisce davvero. Il Natale \u00e8 pi\u00f9 bello se lo viviamo insieme.<\/p>\n","protected":false},"author":22,"featured_media":4008,"comment_status":"closed","ping_status":"closed","sticky":false,"template":"","format":"standard","meta":{"vkexunit_cta_each_option":"","footnotes":""},"categories":[31,6,27],"tags":[],"class_list":["post-4007","post","type-post","status-publish","format-standard","has-post-thumbnail","hentry","category-a-s-2025-26","category-feste","category-we-are-maux"],"_links":{"self":[{"href":"https:\/\/istitutomariausiliatrice.it\/secondaria1grado\/wp-json\/wp\/v2\/posts\/4007","targetHints":{"allow":["GET"]}}],"collection":[{"href":"https:\/\/istitutomariausiliatrice.it\/secondaria1grado\/wp-json\/wp\/v2\/posts"}],"about":[{"href":"https:\/\/istitutomariausiliatrice.it\/secondaria1grado\/wp-json\/wp\/v2\/types\/post"}],"author":[{"embeddable":true,"href":"https:\/\/istitutomariausiliatrice.it\/secondaria1grado\/wp-json\/wp\/v2\/users\/22"}],"replies":[{"embeddable":true,"href":"https:\/\/istitutomariausiliatrice.it\/secondaria1grado\/wp-json\/wp\/v2\/comments?post=4007"}],"version-history":[{"count":1,"href":"https:\/\/istitutomariausiliatrice.it\/secondaria1grado\/wp-json\/wp\/v2\/posts\/4007\/revisions"}],"predecessor-version":[{"id":4010,"href":"https:\/\/istitutomariausiliatrice.it\/secondaria1grado\/wp-json\/wp\/v2\/posts\/4007\/revisions\/4010"}],"wp:featuredmedia":[{"embeddable":true,"href":"https:\/\/istitutomariausiliatrice.it\/secondaria1grado\/wp-json\/wp\/v2\/media\/4008"}],"wp:attachment":[{"href":"https:\/\/istitutomariausiliatrice.it\/secondaria1grado\/wp-json\/wp\/v2\/media?parent=4007"}],"wp:term":[{"taxonomy":"category","embeddable":true,"href":"https:\/\/istitutomariausiliatrice.it\/secondaria1grado\/wp-json\/wp\/v2\/categories?post=4007"},{"taxonomy":"post_tag","embeddable":true,"href":"https:\/\/istitutomariausiliatrice.it\/secondaria1grado\/wp-json\/wp\/v2\/tags?post=4007"}],"curies":[{"name":"wp","href":"https:\/\/api.w.org\/{rel}","templated":true}]}}