{"id":4034,"date":"2026-02-11T11:52:31","date_gmt":"2026-02-11T10:52:31","guid":{"rendered":"https:\/\/istitutomariausiliatrice.it\/secondaria1grado\/?p=4034"},"modified":"2026-02-11T11:52:32","modified_gmt":"2026-02-11T10:52:32","slug":"festa-di-don-bosco-4","status":"publish","type":"post","link":"https:\/\/istitutomariausiliatrice.it\/secondaria1grado\/2026\/02\/11\/festa-di-don-bosco-4\/","title":{"rendered":"Festa di don bosco"},"content":{"rendered":"\n<p>Un giorno speciale in un posto speciale. <\/p>\n\n\n\n<p>All\u2019Oratorio San Paolo abbiamo messo da parte i libri per una giornata dedicata al gioco e all&#8217;amicizia. Don Bosco diceva che l\u2019oratorio \u00e8 una casa che accoglie, e oggi ci siamo sentiti proprio cos\u00ec. Tra un canestro, un gol e un morso al panino con il salame, abbiamo creato ricordi che valgono pi\u00f9 di ogni trofeo. <\/p>\n\n\n\n<p><\/p>\n\n\n\n<p><\/p>\n\n\n\n<figure class=\"wp-block-gallery has-nested-images columns-default is-cropped wp-block-gallery-1 is-layout-flex wp-block-gallery-is-layout-flex\">\n<figure class=\"wp-block-image size-large\"><a href=\"https:\/\/istitutomariausiliatrice.it\/secondaria1grado\/files\/2-1.jpg\"><img loading=\"lazy\" decoding=\"async\" width=\"768\" height=\"1024\" data-id=\"4036\" src=\"https:\/\/istitutomariausiliatrice.it\/secondaria1grado\/files\/2-1-768x1024.jpg\" alt=\"\" class=\"wp-image-4036\" srcset=\"https:\/\/istitutomariausiliatrice.it\/secondaria1grado\/files\/2-1-768x1024.jpg 768w, https:\/\/istitutomariausiliatrice.it\/secondaria1grado\/files\/2-1-225x300.jpg 225w, https:\/\/istitutomariausiliatrice.it\/secondaria1grado\/files\/2-1-1152x1536.jpg 1152w, https:\/\/istitutomariausiliatrice.it\/secondaria1grado\/files\/2-1.jpg 1200w\" sizes=\"auto, (max-width: 768px) 100vw, 768px\" \/><\/a><\/figure>\n\n\n\n<figure class=\"wp-block-image size-large\"><a href=\"https:\/\/istitutomariausiliatrice.it\/secondaria1grado\/files\/5-1.jpg\"><img loading=\"lazy\" decoding=\"async\" width=\"768\" height=\"1024\" data-id=\"4037\" src=\"https:\/\/istitutomariausiliatrice.it\/secondaria1grado\/files\/5-1-768x1024.jpg\" alt=\"\" class=\"wp-image-4037\" srcset=\"https:\/\/istitutomariausiliatrice.it\/secondaria1grado\/files\/5-1-768x1024.jpg 768w, https:\/\/istitutomariausiliatrice.it\/secondaria1grado\/files\/5-1-225x300.jpg 225w, https:\/\/istitutomariausiliatrice.it\/secondaria1grado\/files\/5-1-1152x1536.jpg 1152w, https:\/\/istitutomariausiliatrice.it\/secondaria1grado\/files\/5-1.jpg 1200w\" sizes=\"auto, (max-width: 768px) 100vw, 768px\" \/><\/a><\/figure>\n\n\n\n<figure class=\"wp-block-image size-large\"><a href=\"https:\/\/istitutomariausiliatrice.it\/secondaria1grado\/files\/14-1.jpg\"><img loading=\"lazy\" decoding=\"async\" width=\"768\" height=\"1024\" data-id=\"4038\" src=\"https:\/\/istitutomariausiliatrice.it\/secondaria1grado\/files\/14-1-768x1024.jpg\" alt=\"\" class=\"wp-image-4038\" srcset=\"https:\/\/istitutomariausiliatrice.it\/secondaria1grado\/files\/14-1-768x1024.jpg 768w, https:\/\/istitutomariausiliatrice.it\/secondaria1grado\/files\/14-1-225x300.jpg 225w, https:\/\/istitutomariausiliatrice.it\/secondaria1grado\/files\/14-1-1152x1536.jpg 1152w, https:\/\/istitutomariausiliatrice.it\/secondaria1grado\/files\/14-1.jpg 1200w\" sizes=\"auto, (max-width: 768px) 100vw, 768px\" \/><\/a><\/figure>\n\n\n\n<figure class=\"wp-block-image size-large\"><a href=\"https:\/\/istitutomariausiliatrice.it\/secondaria1grado\/files\/15-1.jpg\"><img loading=\"lazy\" decoding=\"async\" width=\"768\" height=\"1024\" data-id=\"4039\" src=\"https:\/\/istitutomariausiliatrice.it\/secondaria1grado\/files\/15-1-768x1024.jpg\" alt=\"\" class=\"wp-image-4039\" srcset=\"https:\/\/istitutomariausiliatrice.it\/secondaria1grado\/files\/15-1-768x1024.jpg 768w, https:\/\/istitutomariausiliatrice.it\/secondaria1grado\/files\/15-1-225x300.jpg 225w, https:\/\/istitutomariausiliatrice.it\/secondaria1grado\/files\/15-1-1152x1536.jpg 1152w, https:\/\/istitutomariausiliatrice.it\/secondaria1grado\/files\/15-1.jpg 1200w\" sizes=\"auto, (max-width: 768px) 100vw, 768px\" \/><\/a><\/figure>\n<\/figure>\n","protected":false},"excerpt":{"rendered":"<p>Un giorno speciale in un posto speciale. All\u2019Oratorio San Paolo abbiamo messo da parte i libri per una giornata dedicata al gioco e all&#8217;amicizia. Don Bosco diceva che l\u2019oratorio \u00e8 una casa che accoglie, e oggi ci siamo sentiti proprio cos\u00ec. Tra un canestro, un gol e un morso al panino con il salame, abbiamo [&hellip;]<\/p>\n","protected":false},"author":22,"featured_media":4035,"comment_status":"closed","ping_status":"closed","sticky":false,"template":"","format":"standard","meta":{"vkexunit_cta_each_option":"","footnotes":""},"categories":[31,3,27],"tags":[],"class_list":["post-4034","post","type-post","status-publish","format-standard","has-post-thumbnail","hentry","category-a-s-2025-26","category-uscite-culturali","category-we-are-maux"],"_links":{"self":[{"href":"https:\/\/istitutomariausiliatrice.it\/secondaria1grado\/wp-json\/wp\/v2\/posts\/4034","targetHints":{"allow":["GET"]}}],"collection":[{"href":"https:\/\/istitutomariausiliatrice.it\/secondaria1grado\/wp-json\/wp\/v2\/posts"}],"about":[{"href":"https:\/\/istitutomariausiliatrice.it\/secondaria1grado\/wp-json\/wp\/v2\/types\/post"}],"author":[{"embeddable":true,"href":"https:\/\/istitutomariausiliatrice.it\/secondaria1grado\/wp-json\/wp\/v2\/users\/22"}],"replies":[{"embeddable":true,"href":"https:\/\/istitutomariausiliatrice.it\/secondaria1grado\/wp-json\/wp\/v2\/comments?post=4034"}],"version-history":[{"count":1,"href":"https:\/\/istitutomariausiliatrice.it\/secondaria1grado\/wp-json\/wp\/v2\/posts\/4034\/revisions"}],"predecessor-version":[{"id":4040,"href":"https:\/\/istitutomariausiliatrice.it\/secondaria1grado\/wp-json\/wp\/v2\/posts\/4034\/revisions\/4040"}],"wp:featuredmedia":[{"embeddable":true,"href":"https:\/\/istitutomariausiliatrice.it\/secondaria1grado\/wp-json\/wp\/v2\/media\/4035"}],"wp:attachment":[{"href":"https:\/\/istitutomariausiliatrice.it\/secondaria1grado\/wp-json\/wp\/v2\/media?parent=4034"}],"wp:term":[{"taxonomy":"category","embeddable":true,"href":"https:\/\/istitutomariausiliatrice.it\/secondaria1grado\/wp-json\/wp\/v2\/categories?post=4034"},{"taxonomy":"post_tag","embeddable":true,"href":"https:\/\/istitutomariausiliatrice.it\/secondaria1grado\/wp-json\/wp\/v2\/tags?post=4034"}],"curies":[{"name":"wp","href":"https:\/\/api.w.org\/{rel}","templated":true}]}}