{"id":637,"date":"2011-01-25T08:46:04","date_gmt":"2011-01-25T07:46:04","guid":{"rendered":"http:\/\/liceoausiliatrice.it\/secondaria1grado\/?p=637"},"modified":"2011-01-25T08:46:04","modified_gmt":"2011-01-25T07:46:04","slug":"corrispondenti-spagnoli","status":"publish","type":"post","link":"https:\/\/istitutomariausiliatrice.it\/secondaria1grado\/2011\/01\/25\/corrispondenti-spagnoli\/","title":{"rendered":"Corrispondenti Spagnoli"},"content":{"rendered":"<p>La classe 3\u00b0 ha iniziato una corrispondenza con gli alunni del \u201cColegio Mar\u00eda Auxiliadora\u201d di Sevilla; Il progetto \u00e8 nato dalla necessit\u00e0 di entrare in contatto con studenti di madrelingua per perfezionare le competenze e abilit\u00e0 acquisite nei tre anni di studio. La scelta di una scuola salesiana all\u2019estero \u00e8 stata dettata dal desiderio di condividere un cammino comune che permetter\u00e0 ai ragazzi di confrontarsi e arricchirsi vicendevolmente sia sul piano umano che scolastico. I nostri ragazzi hanno gi\u00e0 spedito le prime lettere. Di seguito parte della mail inviata dalla Prof. Maribel Merina dopo averle ricevute:<\/p>\n<p><em>[\u2026] A mis alumnos les sorprendi\u00f3 el buen nivel de espa\u00f1ol de tus alumnos, an\u00edmales a que sigan as\u00ed&#8230;Ellos este jueves me entregan sus cartas y las enviar\u00e9 por correo. Ya a la pr\u00f3xima vosotros nos contest\u00e1is por e-mail. Mi alumno\/a contestar\u00e1 al alumno\/a que recibi\u00f3. Reparte t\u00fa los correos correspondientes para que las otras comunicaciones ya sean entre ellos. De todas formas yo no dejar\u00eda de escribir a mano pues es una herramienta para el aprendizaje: las har\u00eda complementarias. Ahora llega la Fiesta de Don Bosco as\u00ed que tendr\u00e1n mucho que contar.<\/em><em>\u00a0<\/em><em> <\/em><em>[\u2026.]<\/em><em><\/em><\/p>\n<p>Complimenti a tutti i ragazzi che si sono impegnati in questa aventura. Chiss\u00e0 se la nascita di una bella amicizia regaler\u00e0 a qualcuno la possibilit\u00e0 di un viaggio in Andaluc\u00eda!<\/p>\n<p><a href=\"http:\/\/liceoausiliatrice.it\/secondaria1grado\/files\/nombre_y_virgen1.jpg\"><img loading=\"lazy\" decoding=\"async\" class=\"alignnone size-medium wp-image-649\" src=\"http:\/\/liceoausiliatrice.it\/secondaria1grado\/files\/nombre_y_virgen1-236x300.jpg\" alt=\"\" width=\"236\" height=\"300\" \/><\/a><\/p>\n","protected":false},"excerpt":{"rendered":"<p>La classe 3\u00b0 ha iniziato una corrispondenza con gli alunni del \u201cColegio Mar\u00eda Auxiliadora\u201d di Sevilla; Il progetto \u00e8 nato dalla necessit\u00e0 di entrare in contatto con studenti di madrelingua per perfezionare le competenze e abilit\u00e0 acquisite nei tre anni di studio. La scelta di una scuola salesiana all\u2019estero \u00e8 stata dettata dal desiderio di [&hellip;]<\/p>\n","protected":false},"author":1,"featured_media":0,"comment_status":"closed","ping_status":"closed","sticky":false,"template":"","format":"standard","meta":{"vkexunit_cta_each_option":"","footnotes":""},"categories":[5,8],"tags":[],"class_list":["post-637","post","type-post","status-publish","format-standard","hentry","category-featured","category-laboratori"],"_links":{"self":[{"href":"https:\/\/istitutomariausiliatrice.it\/secondaria1grado\/wp-json\/wp\/v2\/posts\/637","targetHints":{"allow":["GET"]}}],"collection":[{"href":"https:\/\/istitutomariausiliatrice.it\/secondaria1grado\/wp-json\/wp\/v2\/posts"}],"about":[{"href":"https:\/\/istitutomariausiliatrice.it\/secondaria1grado\/wp-json\/wp\/v2\/types\/post"}],"author":[{"embeddable":true,"href":"https:\/\/istitutomariausiliatrice.it\/secondaria1grado\/wp-json\/wp\/v2\/users\/1"}],"replies":[{"embeddable":true,"href":"https:\/\/istitutomariausiliatrice.it\/secondaria1grado\/wp-json\/wp\/v2\/comments?post=637"}],"version-history":[{"count":0,"href":"https:\/\/istitutomariausiliatrice.it\/secondaria1grado\/wp-json\/wp\/v2\/posts\/637\/revisions"}],"wp:attachment":[{"href":"https:\/\/istitutomariausiliatrice.it\/secondaria1grado\/wp-json\/wp\/v2\/media?parent=637"}],"wp:term":[{"taxonomy":"category","embeddable":true,"href":"https:\/\/istitutomariausiliatrice.it\/secondaria1grado\/wp-json\/wp\/v2\/categories?post=637"},{"taxonomy":"post_tag","embeddable":true,"href":"https:\/\/istitutomariausiliatrice.it\/secondaria1grado\/wp-json\/wp\/v2\/tags?post=637"}],"curies":[{"name":"wp","href":"https:\/\/api.w.org\/{rel}","templated":true}]}}