{"id":675,"date":"2011-02-07T16:39:58","date_gmt":"2011-02-07T15:39:58","guid":{"rendered":"http:\/\/liceoausiliatrice.it\/secondaria1grado\/?p=675"},"modified":"2011-02-07T16:39:58","modified_gmt":"2011-02-07T15:39:58","slug":"girno-delle-2pra","status":"publish","type":"post","link":"https:\/\/istitutomariausiliatrice.it\/secondaria1grado\/2011\/02\/07\/girno-delle-2pra\/","title":{"rendered":"Il soggiorno delle 2\u00b0 a Pra Catinat"},"content":{"rendered":"<p><a href=\"http:\/\/liceoausiliatrice.it\/secondaria1grado\/files\/011.jpg\"><img loading=\"lazy\" decoding=\"async\" class=\"alignnone size-medium wp-image-677\" src=\"http:\/\/liceoausiliatrice.it\/secondaria1grado\/files\/011-225x300.jpg\" alt=\"\" width=\"225\" height=\"300\" \/><\/a>&#8220;Evviva! Eccoci nella localit\u00e0 di Pra Catinat, pronti a svuotare le valigie e divertirci insieme. Quest&#8217;anno la scuola ha organizzato una fantastica gita di 3 giorni per le sole classi seconde, e come ben si sa tutti gli alunni erano entusiasti, ma anche pronti a subire il dolore di dover perdere scuola&#8230;gi\u00e0&#8230;che tristezza!..&#8221;\u00a0\u00a0\u00a0\u00a0\u00a0\u00a0\u00a0\u00a0\u00a0\u00a0\u00a0\u00a0\u00a0\u00a0\u00a0\u00a0\u00a0\u00a0\u00a0\u00a0\u00a0\u00a0\u00a0\u00a0\u00a0\u00a0\u00a0\u00a0\u00a0\u00a0\u00a0\u00a0\u00a0\u00a0\u00a0\u00a0 Giulia<\/p>\n<p>Dal 19 al 21 Gennaio i ragazzzi delle classi Seconde hanno partecipato al soggiorno a Pra Catinat, promosso dal Comune di Torino. Il soggiorno, gestito da educatori professionisti, ha lo scopo di aiutare i ragazzi a riflettere su temi legati alla vita quotidiana, partendo dall&#8217;esperienza diretta del contatto con la natura. Cos\u00ec \u00e8 stato! Fin dall&#8217;arrivo i ragazzi si sono trovati immersi in un paesaggio completamente diverso da quello a cui sono abituati: nessun&#8217;automobile, rumori inesistenti, alberi a perdita d&#8217;occhio, calma! Dopo la sistemazione nelle camere (il vitto e l&#8217;alloggio sono stati particolarmente apprezzati) \u00e8 iniziato il vero e proprio percorso formativo: lunghe passeggiate nel bosco, alla scoperta dei suoi misteri, ma anche alla scoperta di se stessi, della propria resistenza, dei propri limiti e capacit\u00e0, alternate a momenti di discussione e condivisione\u00a0in gruppo. La visita a due villaggi rurali situati nel cuore del bosco ha permesso di lavorare sulla necessit\u00e0 delle regole per una convivenza civile e pacifica; l&#8217;aver sperimentato la fatica, ma la gioia di aver raggiunto la meta, ha aiutato i ragazzi a riflettere sul senso del sacrificio. La costruzione di un rifugio per la notte, utilizzando solo ci\u00f2 che si trovava nel bosco, ha dato a ciascuno la possibilit\u00e0 di mettersi alla prova e di verificare la propria capacit\u00e0 di adattamento.<\/p>\n<p>Nel complesso una splendida esperienza, che ha sicuramente favorito le relazioni tra i ragazzi e rinsaldato i legami.<\/p>\n<p>Tutte le foto nella sezione Photogallery<\/p>\n","protected":false},"excerpt":{"rendered":"<p>&#8220;Evviva! Eccoci nella localit\u00e0 di Pra Catinat, pronti a svuotare le valigie e divertirci insieme. Quest&#8217;anno la scuola ha organizzato una fantastica gita di 3 giorni per le sole classi seconde, e come ben si sa tutti gli alunni erano entusiasti, ma anche pronti a subire il dolore di dover perdere scuola&#8230;gi\u00e0&#8230;che tristezza!..&#8221;\u00a0\u00a0\u00a0\u00a0\u00a0\u00a0\u00a0\u00a0\u00a0\u00a0\u00a0\u00a0\u00a0\u00a0\u00a0\u00a0\u00a0\u00a0\u00a0\u00a0\u00a0\u00a0\u00a0\u00a0\u00a0\u00a0\u00a0\u00a0\u00a0\u00a0\u00a0\u00a0\u00a0\u00a0\u00a0\u00a0 Giulia Dal [&hellip;]<\/p>\n","protected":false},"author":1,"featured_media":0,"comment_status":"closed","ping_status":"closed","sticky":false,"template":"","format":"standard","meta":{"vkexunit_cta_each_option":"","footnotes":""},"categories":[4,5],"tags":[],"class_list":["post-675","post","type-post","status-publish","format-standard","hentry","category-cammini-formativi","category-featured"],"_links":{"self":[{"href":"https:\/\/istitutomariausiliatrice.it\/secondaria1grado\/wp-json\/wp\/v2\/posts\/675","targetHints":{"allow":["GET"]}}],"collection":[{"href":"https:\/\/istitutomariausiliatrice.it\/secondaria1grado\/wp-json\/wp\/v2\/posts"}],"about":[{"href":"https:\/\/istitutomariausiliatrice.it\/secondaria1grado\/wp-json\/wp\/v2\/types\/post"}],"author":[{"embeddable":true,"href":"https:\/\/istitutomariausiliatrice.it\/secondaria1grado\/wp-json\/wp\/v2\/users\/1"}],"replies":[{"embeddable":true,"href":"https:\/\/istitutomariausiliatrice.it\/secondaria1grado\/wp-json\/wp\/v2\/comments?post=675"}],"version-history":[{"count":0,"href":"https:\/\/istitutomariausiliatrice.it\/secondaria1grado\/wp-json\/wp\/v2\/posts\/675\/revisions"}],"wp:attachment":[{"href":"https:\/\/istitutomariausiliatrice.it\/secondaria1grado\/wp-json\/wp\/v2\/media?parent=675"}],"wp:term":[{"taxonomy":"category","embeddable":true,"href":"https:\/\/istitutomariausiliatrice.it\/secondaria1grado\/wp-json\/wp\/v2\/categories?post=675"},{"taxonomy":"post_tag","embeddable":true,"href":"https:\/\/istitutomariausiliatrice.it\/secondaria1grado\/wp-json\/wp\/v2\/tags?post=675"}],"curies":[{"name":"wp","href":"https:\/\/api.w.org\/{rel}","templated":true}]}}