{"id":715,"date":"2011-03-10T16:07:15","date_gmt":"2011-03-10T15:07:15","guid":{"rendered":"http:\/\/liceoausiliatrice.it\/secondaria1grado\/?p=715"},"modified":"2011-03-10T16:07:15","modified_gmt":"2011-03-10T15:07:15","slug":"pagelline-imformative","status":"publish","type":"post","link":"https:\/\/istitutomariausiliatrice.it\/secondaria1grado\/2011\/03\/10\/pagelline-imformative\/","title":{"rendered":"PAGELLINE IMFORMATIVE"},"content":{"rendered":"<p>Nei singoli Consigli di Classe sono stati attribuiti i voti per ogni materia (voti riferiti al pentamestre, finora registrati) al fine di dare un\u2019indicazione ad allievi e famiglie sull\u2019andamento scolastico.<\/p>\n<p>La pagellina informativa sar\u00e0 consegnata venerd\u00ec 11.03.2011<strong><em> <\/em><\/strong><\/p>\n<p>(in presenza di numerose insufficienze la pagellina sar\u00e0 <em>consegnata personalmente dalla Preside ai genitori<\/em>: il 15.03 per la sezione A e il 16.03 per la sezione B durante il tempo dei colloqui o in orario concordato)<\/p>\n<p>Si ricorda che per essere <strong>ammessi <\/strong>alla classe successiva o all\u2019esame di stato (al termine del 3\u00b0 anno) <strong>non si deve riscontrare alcuna materia insufficiente.<\/strong><\/p>\n<p>A tutti, buona continuazione del percorso scolastico, con rinnovato impegno, per raggiungere un esito finale positivo.<\/p>\n<p>La Preside e gli Insegnanti<\/p>\n<p><a href=\"http:\/\/liceoausiliatrice.it\/secondaria1grado\/files\/1923.jpg\"><img loading=\"lazy\" decoding=\"async\" class=\"alignnone size-medium wp-image-719\" src=\"http:\/\/liceoausiliatrice.it\/secondaria1grado\/files\/1923-215x300.jpg\" alt=\"\" width=\"215\" height=\"300\" \/><\/a><\/p>\n","protected":false},"excerpt":{"rendered":"<p>Nei singoli Consigli di Classe sono stati attribuiti i voti per ogni materia (voti riferiti al pentamestre, finora registrati) al fine di dare un\u2019indicazione ad allievi e famiglie sull\u2019andamento scolastico. La pagellina informativa sar\u00e0 consegnata venerd\u00ec 11.03.2011 (in presenza di numerose insufficienze la pagellina sar\u00e0 consegnata personalmente dalla Preside ai genitori: il 15.03 per la [&hellip;]<\/p>\n","protected":false},"author":1,"featured_media":0,"comment_status":"closed","ping_status":"closed","sticky":false,"template":"","format":"standard","meta":{"vkexunit_cta_each_option":"","footnotes":""},"categories":[5],"tags":[],"class_list":["post-715","post","type-post","status-publish","format-standard","hentry","category-featured"],"_links":{"self":[{"href":"https:\/\/istitutomariausiliatrice.it\/secondaria1grado\/wp-json\/wp\/v2\/posts\/715","targetHints":{"allow":["GET"]}}],"collection":[{"href":"https:\/\/istitutomariausiliatrice.it\/secondaria1grado\/wp-json\/wp\/v2\/posts"}],"about":[{"href":"https:\/\/istitutomariausiliatrice.it\/secondaria1grado\/wp-json\/wp\/v2\/types\/post"}],"author":[{"embeddable":true,"href":"https:\/\/istitutomariausiliatrice.it\/secondaria1grado\/wp-json\/wp\/v2\/users\/1"}],"replies":[{"embeddable":true,"href":"https:\/\/istitutomariausiliatrice.it\/secondaria1grado\/wp-json\/wp\/v2\/comments?post=715"}],"version-history":[{"count":0,"href":"https:\/\/istitutomariausiliatrice.it\/secondaria1grado\/wp-json\/wp\/v2\/posts\/715\/revisions"}],"wp:attachment":[{"href":"https:\/\/istitutomariausiliatrice.it\/secondaria1grado\/wp-json\/wp\/v2\/media?parent=715"}],"wp:term":[{"taxonomy":"category","embeddable":true,"href":"https:\/\/istitutomariausiliatrice.it\/secondaria1grado\/wp-json\/wp\/v2\/categories?post=715"},{"taxonomy":"post_tag","embeddable":true,"href":"https:\/\/istitutomariausiliatrice.it\/secondaria1grado\/wp-json\/wp\/v2\/tags?post=715"}],"curies":[{"name":"wp","href":"https:\/\/api.w.org\/{rel}","templated":true}]}}