{"id":756,"date":"2011-03-29T14:58:22","date_gmt":"2011-03-29T13:58:22","guid":{"rendered":"http:\/\/liceoausiliatrice.it\/secondaria1grado\/?p=756"},"modified":"2011-03-29T14:58:22","modified_gmt":"2011-03-29T13:58:22","slug":"attivita-delle-classi-prime","status":"publish","type":"post","link":"https:\/\/istitutomariausiliatrice.it\/secondaria1grado\/2011\/03\/29\/attivita-delle-classi-prime\/","title":{"rendered":"Attivit\u00e0 delle classi Prime"},"content":{"rendered":"<p>Due giorni di intense e interessanti attivit\u00e0 per le due sezioni di prima: marted\u00ec 22\/3 un tuffo nel MedioEvo\u00a0 e gioved\u00ec 24\/3 l\u2019 incontro con una scrittrice che ci ha fatto sognare la Sardegna, quella \u201cvera\u201d, sconosciuta alle agenzie turistiche.<\/p>\n<p>La visita al Borgo e alla Rocca medievale \u00e8 stata un\u2019esperienza bellissima: forse per la bellezza\u00a0 e l\u2019armonia del luogo , forse per il contatto con un mondo\u00a0 affascinante e ancora vivo, forse anche per la splendida giornata di sole, siamo stati tutta la mattina attenti e partecipi protagonisti di interessanti iniziative. La 1^ A si \u00e8 dedicata alla miniatura di capolettera e di decorazione, come i monaci amanuensi, la 1^ B si \u00e8 addentrata nel mondo della lingua italiana dagli albori\u00a0 a oggi. \u00a0In entrambe le attivit\u00e0 siamo stati guidati da due esperte, molto preparate e comprensive.<\/p>\n<p>Tuttavia forse la visita alla Rocca ha segnato il momento pi\u00f9 importante perch\u00e9 abbiamo potuto soddisfare la nostra curiosit\u00e0 sulla vita quotidiana dei signori medievali, curiosit\u00e0 che rendono vivo lo studio della Storia. Affascinati dalle figure degli eroi e delle dame della sala baronale, attendiamo di \u201cincontrarli\u201d davvero nel loro Castello, alla Manta di Saluzzo, il prossimo 6 maggio.<\/p>\n<p>Gioved\u00ec, invece, a scuola \u00e8 venuta una scrittrice: la signora Pia Deidda, invitata dalla Professoressa Sacco.\u00a0 Avevamo letto il suo ultimo libro \u201cL\u2019ultima Jana\u201d che ci ha portato nella Sardegna antica, nelle tradizioni, nelle leggende popolari ancora vive che costituiscono il tessuto culturale dei sardi.\u00a0 Il libro, molto piacevole e garbato, attraverso una sorta di fiaba presenta le attivit\u00e0, i cibi, le feste, il modo di vestire, la religiosit\u00e0\u00a0 di una parte della Sardegna, intorno a Sardali, dove la tradizione vuole che si siano estinte le ultime fate-streghe, le Janas,\u00a0 nell\u2019incontro-scontro con il modo degli umani.<\/p>\n<p>La Signora Deidda ha poi risposto con pazienza alle nostre domande, davvero di tutti i generi, e ha documentato con una sequenza di fotografie i luoghi e gli eventi citati nel libro: \u00a0\u00e8 stata una mattinata davvero interessante, certamente insolita perch\u00e9 non \u00e8 cosa di tutti i giorni incontrare una scrittrice entusiasta e disponibile a renderci partecipi di un po\u2019 del suo mondo interiore e della sua cultura.<\/p>\n<p><a href=\"http:\/\/liceoausiliatrice.it\/secondaria1grado\/files\/narcisi.jpg\"><img loading=\"lazy\" decoding=\"async\" class=\"alignnone size-medium wp-image-758\" src=\"http:\/\/liceoausiliatrice.it\/secondaria1grado\/files\/narcisi-300x225.jpg\" alt=\"\" width=\"300\" height=\"225\" \/><\/a><\/p>\n","protected":false},"excerpt":{"rendered":"<p>Due giorni di intense e interessanti attivit\u00e0 per le due sezioni di prima: marted\u00ec 22\/3 un tuffo nel MedioEvo\u00a0 e gioved\u00ec 24\/3 l\u2019 incontro con una scrittrice che ci ha fatto sognare la Sardegna, quella \u201cvera\u201d, sconosciuta alle agenzie turistiche. La visita al Borgo e alla Rocca medievale \u00e8 stata un\u2019esperienza bellissima: forse per la [&hellip;]<\/p>\n","protected":false},"author":1,"featured_media":0,"comment_status":"closed","ping_status":"closed","sticky":false,"template":"","format":"standard","meta":{"vkexunit_cta_each_option":"","footnotes":""},"categories":[5,7],"tags":[],"class_list":["post-756","post","type-post","status-publish","format-standard","hentry","category-featured","category-headline"],"_links":{"self":[{"href":"https:\/\/istitutomariausiliatrice.it\/secondaria1grado\/wp-json\/wp\/v2\/posts\/756","targetHints":{"allow":["GET"]}}],"collection":[{"href":"https:\/\/istitutomariausiliatrice.it\/secondaria1grado\/wp-json\/wp\/v2\/posts"}],"about":[{"href":"https:\/\/istitutomariausiliatrice.it\/secondaria1grado\/wp-json\/wp\/v2\/types\/post"}],"author":[{"embeddable":true,"href":"https:\/\/istitutomariausiliatrice.it\/secondaria1grado\/wp-json\/wp\/v2\/users\/1"}],"replies":[{"embeddable":true,"href":"https:\/\/istitutomariausiliatrice.it\/secondaria1grado\/wp-json\/wp\/v2\/comments?post=756"}],"version-history":[{"count":0,"href":"https:\/\/istitutomariausiliatrice.it\/secondaria1grado\/wp-json\/wp\/v2\/posts\/756\/revisions"}],"wp:attachment":[{"href":"https:\/\/istitutomariausiliatrice.it\/secondaria1grado\/wp-json\/wp\/v2\/media?parent=756"}],"wp:term":[{"taxonomy":"category","embeddable":true,"href":"https:\/\/istitutomariausiliatrice.it\/secondaria1grado\/wp-json\/wp\/v2\/categories?post=756"},{"taxonomy":"post_tag","embeddable":true,"href":"https:\/\/istitutomariausiliatrice.it\/secondaria1grado\/wp-json\/wp\/v2\/tags?post=756"}],"curies":[{"name":"wp","href":"https:\/\/api.w.org\/{rel}","templated":true}]}}