{"id":77,"date":"2010-01-08T10:38:08","date_gmt":"2010-01-08T09:38:08","guid":{"rendered":"http:\/\/new.liceoausiliatrice.it\/secondaria1grado\/?p=77"},"modified":"2010-01-08T10:38:08","modified_gmt":"2010-01-08T09:38:08","slug":"i-cammini-formativi-vogliamo-vedere-gesu","status":"publish","type":"post","link":"https:\/\/istitutomariausiliatrice.it\/secondaria1grado\/2010\/01\/08\/i-cammini-formativi-vogliamo-vedere-gesu\/","title":{"rendered":"I Cammini Formativi : &#8220;Vogliamo vedere Ges\u00f9&#8221;"},"content":{"rendered":"<p><strong><a href=\"http:\/\/new.liceoausiliatrice.it\/secondaria1grado\/files\/IM000875.JPG\"><img loading=\"lazy\" decoding=\"async\" class=\"alignleft size-medium wp-image-79\" src=\"http:\/\/new.liceoausiliatrice.it\/secondaria1grado\/files\/IM000875-300x225.jpg\" alt=\"IM000875\" width=\"300\" height=\"225\" \/><\/a>\u201cVogliamo vedere Ges\u00f9\u201d\u2026 <\/strong><br \/>\n\u2026 \u00e8 il tema che quest\u2019anno accompagna il nostro cammino formativo, che non si svolge solo all\u2019interno della scuola, nelle normali attivit\u00e0 come i buongiorno o i ritiri, ma anche \u2018in trasferta\u2019! Insieme a tanti altri ragazzi, provenienti da tutto il Piemonte e dalla Val d\u2019Aosta (appartenenti alle Ispettorie delle Figlie di Maria Ausiliatrice e dei Salesiani), alcuni dei nostri giovani hanno partecipato a due diverse esperienze: i \u201cSavio Club\u201d (a Colle don Bosco, il 21-22 novembre per la seconda media e il 28-29 novembre per la terza) e il \u201cGR Leader\u201d (a Torino, il 5-6 dicembre). Tre week-end all\u2019insegna del divertimento, della gioia di stare insieme, ma anche dell\u2019impegno e della riflessione. Volete saperne di pi\u00f9? Ecco cos\u2019\u00e8 successo\u2026<\/p>\n<p><em><strong>Savio Club Seconda Media (21-22 novembre) <\/strong><\/em><br \/>\nOre16.00: Edoardo, Federico, Giorgio, Gaia, Andrea, Giorgia, Silvia sono immersi nella fitta nebbia del Colle, pronti a cominciare la nuova esperienza, insieme ad altri 220 tra ragazzi e ragazze! Nel pomeriggio, attraverso degli stands, l\u2019attivit\u00e0 si concentra sullo SGUARDO: il nostro verso noi stessi, quello degli altri su di noi, il nostro sugli altri. Segue la cena e la serata di giochi, danze, divertimento. La domenica mattina l\u2019attenzione \u00e8 spostata su Ges\u00f9, sul suo sguardo su di noi e sulla nostra vita. Dopo il pranzo e la S. Messa, l\u2019incontro termina nell\u2019allegria, dandoci appuntamento al 20 marzo\u2026<br \/>\n<a href=\"2010\/01\/08\/photogallery-savio-club-secondamedia\/\" target=\"_self\">Clicca qui per vedere la photogallery<\/a><\/p>\n<p><strong><em>Savio Club Terza Media (28-29 novembre)<\/em><\/strong><br \/>\nSono le ragazze le protagoniste del week-end: Marta, Myriam, Serena, Sarah e Ylenia, che in una splendida giornata di sole raggiungono Colle don Bosco, dove ad aspettarle ci sono altri 150 coetanei. Il pomeriggio del sabato \u00e8 centrato sul fare esperienza della cecit\u00e0: attraverso dei giochi, delle prove, degli stands, i ragazzi sono guidati a rendersi conto di cosa significhi essere ciechi. La giornata si conclude, dopo la cena al sacco, con una serata di giochi e balli. La domenica il discorso lasciato in sospeso riprende, partendo dal brano di Vangelo del cieco di Gerico, che viene guarito da Ges\u00f9: la cecit\u00e0 non \u00e8 solo quella degli occhi, tutti noi siamo un po\u2019 ciechi dentro il cuore e abbiamo bisogno di essere guariti\u2026 Dopo il pranzo, la S. Messa conclude l\u2019esperienza, che si ripeter\u00e0 il 20-21 marzo.<br \/>\n<a href=\"2010\/01\/08\/photogallery-savio-club-terza-media\/\">Clicca qui per vedere la photogallery <\/a><\/p>\n<p><strong><em> GR Leader (5-6 dicembre)<\/em><\/strong><br \/>\nSiamo a Torino, Piazza Maria Ausiliatrice: comincia una nuova esperienza, una novit\u00e0 di quest\u2019anno, alla quale hanno aderito 90 ragazze (perch\u00e9 questa volta siamo divise, femmine dalle suore e maschi dai Salesiani) da tutto il Piemonte e la Valle d\u2019Aosta\u2026e dodici anche dalla nostra scuola. Cos\u2019\u00e8 il GR Leader? Un\u2019occasione per riflettere su ci\u00f2 che per noi \u00e8 importante, per fermarsi e guardare alla propria vita, ai propri doni e a come metterli in gioco. Ed \u00e8 proprio quello che Marianna, Caterina, Chiara, Giulia, Xhoana, Daniela, Alessandra, Elena, Sara, Giulia, Valentina e Jessenia hanno fatto in questo week-end, durante il quale hanno conosciuto un personaggio che le accompagner\u00e0 per tutto il cammino, Main (chi \u00e8? Chiedetelo a loro!)  e hanno riflettuto sui doni che ciascuna ha ricevuto dal Signore\u2026che non possono rimanere inutilizzati, n\u00e9 devono andare sprecati. L\u2019incontro, iniziato il sabato pomeriggio, si \u00e8 concluso con la S. Messa di domenica pomeriggio e con la voglia di rivedersi il 6 febbraio, a Cuneo!<br \/>\n<a href=\"2010\/01\/08\/photogallery-il-gruppo-leader\/\">Clicca qui per vedere la photogallery <\/a><\/p>\n","protected":false},"excerpt":{"rendered":"<p>\u201cVogliamo vedere Ges\u00f9\u201d\u2026 \u2026 \u00e8 il tema che quest\u2019anno accompagna il nostro cammino formativo, che non si svolge solo all\u2019interno della scuola, nelle normali attivit\u00e0 come i buongiorno o i ritiri, ma anche \u2018in trasferta\u2019! Insieme a tanti altri ragazzi, provenienti da tutto il Piemonte e dalla Val d\u2019Aosta (appartenenti alle Ispettorie delle Figlie di [&hellip;]<\/p>\n","protected":false},"author":1,"featured_media":0,"comment_status":"open","ping_status":"open","sticky":false,"template":"","format":"standard","meta":{"vkexunit_cta_each_option":"","footnotes":""},"categories":[4,7],"tags":[],"class_list":["post-77","post","type-post","status-publish","format-standard","hentry","category-cammini-formativi","category-headline"],"_links":{"self":[{"href":"https:\/\/istitutomariausiliatrice.it\/secondaria1grado\/wp-json\/wp\/v2\/posts\/77","targetHints":{"allow":["GET"]}}],"collection":[{"href":"https:\/\/istitutomariausiliatrice.it\/secondaria1grado\/wp-json\/wp\/v2\/posts"}],"about":[{"href":"https:\/\/istitutomariausiliatrice.it\/secondaria1grado\/wp-json\/wp\/v2\/types\/post"}],"author":[{"embeddable":true,"href":"https:\/\/istitutomariausiliatrice.it\/secondaria1grado\/wp-json\/wp\/v2\/users\/1"}],"replies":[{"embeddable":true,"href":"https:\/\/istitutomariausiliatrice.it\/secondaria1grado\/wp-json\/wp\/v2\/comments?post=77"}],"version-history":[{"count":0,"href":"https:\/\/istitutomariausiliatrice.it\/secondaria1grado\/wp-json\/wp\/v2\/posts\/77\/revisions"}],"wp:attachment":[{"href":"https:\/\/istitutomariausiliatrice.it\/secondaria1grado\/wp-json\/wp\/v2\/media?parent=77"}],"wp:term":[{"taxonomy":"category","embeddable":true,"href":"https:\/\/istitutomariausiliatrice.it\/secondaria1grado\/wp-json\/wp\/v2\/categories?post=77"},{"taxonomy":"post_tag","embeddable":true,"href":"https:\/\/istitutomariausiliatrice.it\/secondaria1grado\/wp-json\/wp\/v2\/tags?post=77"}],"curies":[{"name":"wp","href":"https:\/\/api.w.org\/{rel}","templated":true}]}}