{"id":797,"date":"2011-04-11T16:17:42","date_gmt":"2011-04-11T15:17:42","guid":{"rendered":"http:\/\/liceoausiliatrice.it\/secondaria1grado\/?p=797"},"modified":"2011-04-11T16:17:42","modified_gmt":"2011-04-11T15:17:42","slug":"vittorio-emanuele-ii-il-re-galantuomo","status":"publish","type":"post","link":"https:\/\/istitutomariausiliatrice.it\/secondaria1grado\/2011\/04\/11\/vittorio-emanuele-ii-il-re-galantuomo\/","title":{"rendered":"Vittorio Emanuele II il Re Galantuomo"},"content":{"rendered":"<p>Marted\u00ec 29 marzo 2011 un gruppo di ragazzi delle terze con alcuni docenti ha visitato la mostra a Palazzo Reale \u201cVittorio Emanuele, re galantuomo\u201d, allestita in occasione dei 150 dell\u2019Unit\u00e0 d\u2019Italia.<\/p>\n<p>La mostra si articola su due piani di Palazzo Reale e non \u00e8 di facile lettura, soprattutto nella parte pi\u00f9 marcatamente storica del primo piano. Il secondo piano \u00e8 stato visitato con una guida che illustrava nelle sale gli aspetti pi\u00f9 quotidiani e personali di Vittorio Emanuele II e della sua famiglia. Passando nelle sale si pu\u00f2 ammirare l\u2019arredo del Palazzo e soprattutto la splendida, innovativa Scala delle Forbici.<\/p>\n<p>Sono state due ore impegnative e intense, ma caratterizzate da una grande attenzione, silenzio e interesse che si esprimeva talora in vera meraviglia, per esempio nel salone da ballo.<\/p>\n<p>Questa attivit\u00e0, liberamente scelta (effettuata in orario extra scolastico) ha messo alla prova la maturit\u00e0 dei ragazzi e il loro incontro con un modo efficace, diretto, di approfondire gli argomenti studiati e soprattutto di misurarsi con compiti impegnativi anche se ricchi di attrattiva. I docenti che l\u2019hanno proposta confidano che il seme piantato dia frutti alla sua stagione e concordano nell\u2019aver trascorso un pomeriggio piacevole e interessante con i loro ragazzi.<\/p>\n<p><a href=\"http:\/\/liceoausiliatrice.it\/secondaria1grado\/files\/Vittorio-Emanuele-II1.jpg\"><img loading=\"lazy\" decoding=\"async\" class=\"alignnone size-medium wp-image-799\" src=\"http:\/\/liceoausiliatrice.it\/secondaria1grado\/files\/Vittorio-Emanuele-II1-205x300.jpg\" alt=\"\" width=\"205\" height=\"300\" \/><\/a><\/p>\n","protected":false},"excerpt":{"rendered":"<p>Marted\u00ec 29 marzo 2011 un gruppo di ragazzi delle terze con alcuni docenti ha visitato la mostra a Palazzo Reale \u201cVittorio Emanuele, re galantuomo\u201d, allestita in occasione dei 150 dell\u2019Unit\u00e0 d\u2019Italia. La mostra si articola su due piani di Palazzo Reale e non \u00e8 di facile lettura, soprattutto nella parte pi\u00f9 marcatamente storica del primo [&hellip;]<\/p>\n","protected":false},"author":1,"featured_media":0,"comment_status":"closed","ping_status":"closed","sticky":false,"template":"","format":"standard","meta":{"vkexunit_cta_each_option":"","footnotes":""},"categories":[5],"tags":[],"class_list":["post-797","post","type-post","status-publish","format-standard","hentry","category-featured"],"_links":{"self":[{"href":"https:\/\/istitutomariausiliatrice.it\/secondaria1grado\/wp-json\/wp\/v2\/posts\/797","targetHints":{"allow":["GET"]}}],"collection":[{"href":"https:\/\/istitutomariausiliatrice.it\/secondaria1grado\/wp-json\/wp\/v2\/posts"}],"about":[{"href":"https:\/\/istitutomariausiliatrice.it\/secondaria1grado\/wp-json\/wp\/v2\/types\/post"}],"author":[{"embeddable":true,"href":"https:\/\/istitutomariausiliatrice.it\/secondaria1grado\/wp-json\/wp\/v2\/users\/1"}],"replies":[{"embeddable":true,"href":"https:\/\/istitutomariausiliatrice.it\/secondaria1grado\/wp-json\/wp\/v2\/comments?post=797"}],"version-history":[{"count":0,"href":"https:\/\/istitutomariausiliatrice.it\/secondaria1grado\/wp-json\/wp\/v2\/posts\/797\/revisions"}],"wp:attachment":[{"href":"https:\/\/istitutomariausiliatrice.it\/secondaria1grado\/wp-json\/wp\/v2\/media?parent=797"}],"wp:term":[{"taxonomy":"category","embeddable":true,"href":"https:\/\/istitutomariausiliatrice.it\/secondaria1grado\/wp-json\/wp\/v2\/categories?post=797"},{"taxonomy":"post_tag","embeddable":true,"href":"https:\/\/istitutomariausiliatrice.it\/secondaria1grado\/wp-json\/wp\/v2\/tags?post=797"}],"curies":[{"name":"wp","href":"https:\/\/api.w.org\/{rel}","templated":true}]}}