{"id":8,"date":"2009-10-23T14:57:42","date_gmt":"2009-10-23T13:57:42","guid":{"rendered":"http:\/\/new.liceoausiliatrice.it\/secondaria1grado\/?p=8"},"modified":"2009-10-23T14:57:42","modified_gmt":"2009-10-23T13:57:42","slug":"6-ottobre-tutti-a-valdocco","status":"publish","type":"post","link":"https:\/\/istitutomariausiliatrice.it\/secondaria1grado\/2009\/10\/23\/6-ottobre-tutti-a-valdocco\/","title":{"rendered":"6 Ottobre: TUTTI A VALDOCCO!"},"content":{"rendered":"<p><a href=\"http:\/\/new.liceoausiliatrice.it\/secondaria1grado\/files\/IM000838.JPG\"><img loading=\"lazy\" decoding=\"async\" class=\"size-medium wp-image-25 alignleft\" src=\"http:\/\/new.liceoausiliatrice.it\/secondaria1grado\/files\/IM000838-300x225.jpg\" alt=\"Giornata di Orientamento Scuola secondaria di primo grado\" width=\"300\" height=\"225\" \/><\/a>Anche quest&#8217;anno, per iniziare insieme l&#8217;avventura\u00a0 scolastica non poteva mancare la ormai tradizionale <span style=\"color: #ff0000\"><em><strong>Giornata di Orientamento!<\/strong><\/em><\/span><\/p>\n<p><span style=\"color: #ff0000\"><span style=\"color: #000000\">Il film:&#8221; Nember, la citt\u00e0 della luce&#8221;ci ha aiutati ad entrare nel vivo della tematica formativa di quest&#8217;anno che si pu\u00f2 riassumere nello slogan: &#8220;Vogliamo vedere Ges\u00f9&#8221;!. La parola di Dio ci haguidati a comprendere che ciascuno di noi ha una missione da svolgere e ci ha stimolati a vivere con entusiasmo la giornata, senza lasciarci sfuggire nessuna opportunit\u00e0. Giunte all&#8217;oratorio di Valdocco, le classi si sono divise in due squadre, a ciascuna delle quali erano assegnati dei compiti diversi; i componenti dovevano scegliere il tipo di attivit\u00e0 pi\u00f9 adatto a se stessie contribuire, cos\u00ec, alla vittoria della\u00a0 squadra. Terminata l&#8217;attivit\u00e0 si \u00e8 riflettuto insieme, scambiandoci impressioni e pareri.<\/span><\/span><\/p>\n<p><span style=\"color: #ff0000\"><span style=\"color: #000000\">Nel pomeriggio una mega caccia al tesoro ci ha coinvolti nella ricerca e ci ha fatto capire come sia importante mettersi a cercare per trovare e per vedere! La riflessione si \u00e8 conclusa con l&#8217;esame di coscienza con cui ci siamo preparati alle Confessioni del giorno dopo!<\/span><\/span><\/p>\n<p><span style=\"color: #ff0000\"><span style=\"color: #000000\">E&#8217; stata una giornata stupenda! Una giornata senza &#8220;tempi morti&#8221;, movimentata, dinamica! Avanti cos\u00ec&#8230;..TUTTO L&#8217;ANNO!<\/span><\/span><\/p>\n<p style=\"text-align: right\"><span style=\"color: #ff0000\"><span style=\"color: #000000\"><em>I ragazzi di terza<\/em><br \/>\n<\/span><\/span><\/p>\n","protected":false},"excerpt":{"rendered":"<p>Anche quest&#8217;anno, per iniziare insieme l&#8217;avventura\u00a0 scolastica non poteva mancare la ormai tradizionale Giornata di Orientamento! Il film:&#8221; Nember, la citt\u00e0 della luce&#8221;ci ha aiutati ad entrare nel vivo della tematica formativa di quest&#8217;anno che si pu\u00f2 riassumere nello slogan: &#8220;Vogliamo vedere Ges\u00f9&#8221;!. La parola di Dio ci haguidati a comprendere che ciascuno di noi [&hellip;]<\/p>\n","protected":false},"author":1,"featured_media":0,"comment_status":"closed","ping_status":"closed","sticky":false,"template":"","format":"standard","meta":{"vkexunit_cta_each_option":"","footnotes":""},"categories":[5],"tags":[],"class_list":["post-8","post","type-post","status-publish","format-standard","hentry","category-featured"],"_links":{"self":[{"href":"https:\/\/istitutomariausiliatrice.it\/secondaria1grado\/wp-json\/wp\/v2\/posts\/8","targetHints":{"allow":["GET"]}}],"collection":[{"href":"https:\/\/istitutomariausiliatrice.it\/secondaria1grado\/wp-json\/wp\/v2\/posts"}],"about":[{"href":"https:\/\/istitutomariausiliatrice.it\/secondaria1grado\/wp-json\/wp\/v2\/types\/post"}],"author":[{"embeddable":true,"href":"https:\/\/istitutomariausiliatrice.it\/secondaria1grado\/wp-json\/wp\/v2\/users\/1"}],"replies":[{"embeddable":true,"href":"https:\/\/istitutomariausiliatrice.it\/secondaria1grado\/wp-json\/wp\/v2\/comments?post=8"}],"version-history":[{"count":0,"href":"https:\/\/istitutomariausiliatrice.it\/secondaria1grado\/wp-json\/wp\/v2\/posts\/8\/revisions"}],"wp:attachment":[{"href":"https:\/\/istitutomariausiliatrice.it\/secondaria1grado\/wp-json\/wp\/v2\/media?parent=8"}],"wp:term":[{"taxonomy":"category","embeddable":true,"href":"https:\/\/istitutomariausiliatrice.it\/secondaria1grado\/wp-json\/wp\/v2\/categories?post=8"},{"taxonomy":"post_tag","embeddable":true,"href":"https:\/\/istitutomariausiliatrice.it\/secondaria1grado\/wp-json\/wp\/v2\/tags?post=8"}],"curies":[{"name":"wp","href":"https:\/\/api.w.org\/{rel}","templated":true}]}}