{"id":953,"date":"2011-06-03T15:18:50","date_gmt":"2011-06-03T14:18:50","guid":{"rendered":"http:\/\/liceoausiliatrice.it\/secondaria1grado\/?p=953"},"modified":"2011-06-03T15:18:50","modified_gmt":"2011-06-03T14:18:50","slug":"festa-del-grazie-2011","status":"publish","type":"post","link":"https:\/\/istitutomariausiliatrice.it\/secondaria1grado\/2011\/06\/03\/festa-del-grazie-2011\/","title":{"rendered":"FESTA DEL GRAZIE 2011"},"content":{"rendered":"<p><a href=\"http:\/\/liceoausiliatrice.it\/secondaria1grado\/files\/GRAZIE.jpg\"><img loading=\"lazy\" decoding=\"async\" class=\"alignnone size-medium wp-image-954 aligncenter\" src=\"http:\/\/liceoausiliatrice.it\/secondaria1grado\/files\/GRAZIE-300x225.jpg\" alt=\"\" width=\"300\" height=\"225\" \/><\/a><\/p>\n<p style=\"text-align: center\"><strong><em>GRAZIE!!!<\/em><\/strong><\/p>\n<p>L\u2019attesa festa della Scuola ha finalmente visto la sua realizzazione mercoled\u00ec 1 Giugno in un gremito teatro dell\u2019Oratorio di Valdocco.\u00a0 Colori, musica e variet\u00e0 di spunti, esibizioni, performances hanno reso questo momento un momento bello, ricco di unit\u00e0 e di valore educativo.<\/p>\n<p>Particolarmente intensa \u00e8 stata la rappresentazione del gruppo di teatro guidato dalla prof.ssa Maria Grazia d\u2019Ambrosio. Ispirato al romanzo<em> La Storia infinita <\/em>di Michel Ende, ne ha visto una \u201ctraduzione\u201d molto particolare che sottolineava il fil rouge della Festa: il sogno quale dimensione della persona che ricerca un ideale nella\u00a0 lotta contro la signoria del nulla. Forte quindi \u00e8 stato il messaggio che gli attori, bravissimi, vestiti di bianco, quasi \u201cprofessionisti\u201d hanno offerto nei 20 minuti di spettacolo, un mix armonico di recitazione, silenzi, danza: il nulla non ha dominio sul mondo, c\u2019\u00e8 la possibilit\u00e0 di afferrare una mano che riporta alla positivit\u00e0 della vita e della realt\u00e0. Anche i gruppi di flauto hanno offerto \u00a0gradevoli pezzi e il coro ha davvero sostenuto la festa, proponendo dei brani bellissimi e insoliti, di un repertorio molto vario. Poi\u00a0 letture, suggestivi intrecci di colori e di voci \u2026. fino alla solenne conclusione del coro del Nabucco, Va\u2019 pensiero e dell\u2019Inno d Mameli.\u00a0 Pi\u00f9 di un adulto (e non solo i nonni, si sa, pi\u00f9 teneri\u2026) aveva gli occhi lucidi di commozione e di fierezza, non solo personale, ma nel percepire una vita che pulsa nella Scuola, attraverso la fatica e l impegno di ogni giorno.<\/p>\n<p>La conclusione della Festa, dopo i saluti di Sr Laura e Sr Emma, non poteva essere che conviviale in una lauta cena fredda a buffet organizzata dai genitori.<\/p>\n<p>A noi insegnanti e genitori rimane l\u2019invito di Alessandro d\u2019Avenia letto da Giulia in apertura: \u201cSe loro vedranno in te il fuoco saranno degli innamorati della verit\u00e0, della bellezza, del bene. Non dei furbi, ma degli innamorati\u201d. E\u2019 un impegno affascinante e arduo, \u00e8 il compito della vita di un educatore.<\/p>\n<p style=\"text-align: left\"><strong><em>Le foto nella sezione PHOTOGALLERY<\/em><\/strong><\/p>\n","protected":false},"excerpt":{"rendered":"<p>GRAZIE!!! L\u2019attesa festa della Scuola ha finalmente visto la sua realizzazione mercoled\u00ec 1 Giugno in un gremito teatro dell\u2019Oratorio di Valdocco.\u00a0 Colori, musica e variet\u00e0 di spunti, esibizioni, performances hanno reso questo momento un momento bello, ricco di unit\u00e0 e di valore educativo. Particolarmente intensa \u00e8 stata la rappresentazione del gruppo di teatro guidato dalla [&hellip;]<\/p>\n","protected":false},"author":1,"featured_media":0,"comment_status":"closed","ping_status":"closed","sticky":false,"template":"","format":"standard","meta":{"vkexunit_cta_each_option":"","footnotes":""},"categories":[5,6,7],"tags":[],"class_list":["post-953","post","type-post","status-publish","format-standard","hentry","category-featured","category-feste","category-headline"],"_links":{"self":[{"href":"https:\/\/istitutomariausiliatrice.it\/secondaria1grado\/wp-json\/wp\/v2\/posts\/953","targetHints":{"allow":["GET"]}}],"collection":[{"href":"https:\/\/istitutomariausiliatrice.it\/secondaria1grado\/wp-json\/wp\/v2\/posts"}],"about":[{"href":"https:\/\/istitutomariausiliatrice.it\/secondaria1grado\/wp-json\/wp\/v2\/types\/post"}],"author":[{"embeddable":true,"href":"https:\/\/istitutomariausiliatrice.it\/secondaria1grado\/wp-json\/wp\/v2\/users\/1"}],"replies":[{"embeddable":true,"href":"https:\/\/istitutomariausiliatrice.it\/secondaria1grado\/wp-json\/wp\/v2\/comments?post=953"}],"version-history":[{"count":0,"href":"https:\/\/istitutomariausiliatrice.it\/secondaria1grado\/wp-json\/wp\/v2\/posts\/953\/revisions"}],"wp:attachment":[{"href":"https:\/\/istitutomariausiliatrice.it\/secondaria1grado\/wp-json\/wp\/v2\/media?parent=953"}],"wp:term":[{"taxonomy":"category","embeddable":true,"href":"https:\/\/istitutomariausiliatrice.it\/secondaria1grado\/wp-json\/wp\/v2\/categories?post=953"},{"taxonomy":"post_tag","embeddable":true,"href":"https:\/\/istitutomariausiliatrice.it\/secondaria1grado\/wp-json\/wp\/v2\/tags?post=953"}],"curies":[{"name":"wp","href":"https:\/\/api.w.org\/{rel}","templated":true}]}}